
{"id":46603,"date":"2012-10-31T11:52:35","date_gmt":"2012-10-31T14:52:35","guid":{"rendered":"http:\/\/www.politicosdosuldabahia.com.br\/v1\/?p=46603"},"modified":"2012-10-31T15:20:27","modified_gmt":"2012-10-31T18:20:27","slug":"itajuipe-sargento-portela-nega-candidatura-para-presidente-da-camara","status":"publish","type":"post","link":"https:\/\/www.politicosdosuldabahia.com.br\/v1\/2012\/10\/31\/itajuipe-sargento-portela-nega-candidatura-para-presidente-da-camara\/","title":{"rendered":"ITAJU\u00cdPE: SARGENTO PORTELA NEGA CANDIDATURA PARA PRESIDENTE DA C\u00c2MARA"},"content":{"rendered":"<h4 style=\"text-align: justify;\"><span style=\"color: #000000;\">O vereador de Itaju\u00edpe, Sargento Portela (PRP), nega que tenha interesse em ser candidato a presidente da c\u00e2mara de vereadores para o bi\u00eanio 2012\/2013.<\/span><\/h4>\n<h4 style=\"text-align: justify;\"><span style=\"color: #000000;\">Segundo ele, o seu objetivo no pr\u00f3ximo mandato \u00e9 continuar realizando um trabalho de legislador independente:<\/span><\/h4>\n<h4 style=\"text-align: justify;\"><span style=\"color: #000000;\">\u201c n\u00e3o tenho pretens\u00e3o de ser presidente da c\u00e2mara, tenho outros objetivos\u201d, declarou Portela.<\/span><\/h4>\n","protected":false},"excerpt":{"rendered":"<p>O vereador de Itaju\u00edpe, Sargento Portela (PRP), nega que tenha interesse em ser candidato a presidente da c\u00e2mara de vereadores para o bi\u00eanio 2012\/2013. Segundo ele, o seu objetivo no pr\u00f3ximo mandato \u00e9 continuar realizando um trabalho de legislador independente: \u201c n\u00e3o tenho pretens\u00e3o de ser presidente da c\u00e2mara, tenho outros objetivos\u201d, declarou Portela.<\/p>\n","protected":false},"author":2,"featured_media":0,"comment_status":"open","ping_status":"open","sticky":false,"template":"","format":"standard","meta":{"footnotes":"","_links_to":"","_links_to_target":""},"categories":[1],"tags":[],"class_list":["post-46603","post","type-post","status-publish","format-standard","hentry","category-geral"],"views":1186,"_links":{"self":[{"href":"https:\/\/www.politicosdosuldabahia.com.br\/v1\/wp-json\/wp\/v2\/posts\/46603"}],"collection":[{"href":"https:\/\/www.politicosdosuldabahia.com.br\/v1\/wp-json\/wp\/v2\/posts"}],"about":[{"href":"https:\/\/www.politicosdosuldabahia.com.br\/v1\/wp-json\/wp\/v2\/types\/post"}],"author":[{"embeddable":true,"href":"https:\/\/www.politicosdosuldabahia.com.br\/v1\/wp-json\/wp\/v2\/users\/2"}],"replies":[{"embeddable":true,"href":"https:\/\/www.politicosdosuldabahia.com.br\/v1\/wp-json\/wp\/v2\/comments?post=46603"}],"version-history":[{"count":4,"href":"https:\/\/www.politicosdosuldabahia.com.br\/v1\/wp-json\/wp\/v2\/posts\/46603\/revisions"}],"predecessor-version":[{"id":46641,"href":"https:\/\/www.politicosdosuldabahia.com.br\/v1\/wp-json\/wp\/v2\/posts\/46603\/revisions\/46641"}],"wp:attachment":[{"href":"https:\/\/www.politicosdosuldabahia.com.br\/v1\/wp-json\/wp\/v2\/media?parent=46603"}],"wp:term":[{"taxonomy":"category","embeddable":true,"href":"https:\/\/www.politicosdosuldabahia.com.br\/v1\/wp-json\/wp\/v2\/categories?post=46603"},{"taxonomy":"post_tag","embeddable":true,"href":"https:\/\/www.politicosdosuldabahia.com.br\/v1\/wp-json\/wp\/v2\/tags?post=46603"}],"curies":[{"name":"wp","href":"https:\/\/api.w.org\/{rel}","templated":true}]}}