
{"id":46474,"date":"2012-10-29T15:15:17","date_gmt":"2012-10-29T18:15:17","guid":{"rendered":"http:\/\/www.politicosdosuldabahia.com.br\/v1\/?p=46474"},"modified":"2012-10-29T15:15:20","modified_gmt":"2012-10-29T18:15:20","slug":"o-pt-de-itabuna-precisa-se-renovar","status":"publish","type":"post","link":"https:\/\/www.politicosdosuldabahia.com.br\/v1\/2012\/10\/29\/o-pt-de-itabuna-precisa-se-renovar\/","title":{"rendered":"O PT DE ITABUNA PRECISA SE RENOVAR"},"content":{"rendered":"<p><a href=\"http:\/\/www.politicosdosuldabahia.com.br\/v1\/2012\/10\/29\/o-pt-de-itabuna-precisa-se-renovar\/jucara-feitosa-geraldo-simoes-blog-do-pt-itabuna-3\/\" rel=\"attachment wp-att-46475\"><img loading=\"lazy\" decoding=\"async\" class=\"aligncenter size-full wp-image-46475\" title=\"Jucara-Feitosa-Geraldo-Simoes-blog-do-PT-Itabuna\" src=\"http:\/\/www.politicosdosuldabahia.com.br\/v1\/wp-content\/uploads\/2012\/10\/Jucara-Feitosa-Geraldo-Simoes-blog-do-PT-Itabuna.jpg\" alt=\"\" width=\"400\" height=\"300\" srcset=\"https:\/\/www.politicosdosuldabahia.com.br\/v1\/wp-content\/uploads\/2012\/10\/Jucara-Feitosa-Geraldo-Simoes-blog-do-PT-Itabuna.jpg 400w, https:\/\/www.politicosdosuldabahia.com.br\/v1\/wp-content\/uploads\/2012\/10\/Jucara-Feitosa-Geraldo-Simoes-blog-do-PT-Itabuna-300x225.jpg 300w\" sizes=\"(max-width: 400px) 100vw, 400px\" \/><\/a><\/p>\n<h3 style=\"text-align: justify;\"><span style=\"color: #000000;\">Por Jo\u00e3o Matheus Feitosa.<\/span><\/h3>\n<h3 style=\"text-align: justify;\"><span style=\"color: #000000;\">Passada a elei\u00e7\u00e3o o PT de Itabuna tem que se reunir e fazer uma reflex\u00e3o sobre a trajet\u00f3ria do partido. Na elei\u00e7\u00e3o deste ano o partido ficou na terceira coloca\u00e7\u00e3o, e a \u00faltima vez que o partido elegeu prefeito no munic\u00edpio foi em 2000.<\/span><\/h3>\n<h3 style=\"text-align: justify;\"><span style=\"color: #000000;\">Desde 1992 quando o PT conseguiu chegar ao poder em Itabuna, o partido s\u00f3 teve dois candidatos na cidade, que foram Geraldo Sim\u00f5es e Ju\u00e7ara Feitosa.<\/span><\/h3>\n<h3 style=\"text-align: justify;\"><span style=\"color: #000000;\">Em 2012 o prefeito eleito de Itabuna foi Vane do Renascer, o mesmo foi eleito vereador em 2004 e 2008 pelo PT, mas teve que sair do partido em 2011 para ser candidato a prefeito, j\u00e1 que foi negada a ele a legenda, j\u00e1 que a candidata do partido seria Ju\u00e7ara.<\/span><\/h3>\n<h3 style=\"text-align: justify;\"><span style=\"color: #000000;\">Atualmente falta uni\u00e3o dentro do PT de Itabuna, a presidente do partido, Miralva Moitinho, mant\u00e9m uma rela\u00e7\u00e3o \u201cpolar\u201d com o casal Geraldo e Ju\u00e7ara.<\/span><\/h3>\n<h3 style=\"text-align: justify;\"><span style=\"color: #000000;\">J\u00e1 Geraldo tem conseguido acumular uma quantidade expressiva de ex-aliados nos \u00faltimos anos. O seu grupo pol\u00edtico ficou muito reduzido, e isso est\u00e1 refletindo na queda da sua vota\u00e7\u00e3o na cidade.<\/span><\/h3>\n<h3 style=\"text-align: justify;\"><span style=\"color: #000000;\">O PT de Itabuna precisa passar por uma renova\u00e7\u00e3o, o partido tem que ter quadros novos, n\u00e3o ficar resumido ao casal Geraldo Sim\u00f5es e Ju\u00e7ara Feitosa.<\/span><\/h3>\n<h3 style=\"text-align: justify;\"><span style=\"color: #000000;\">O PT de S\u00e3o Paulo alternou seus candidatos at\u00e9 chegar ao poder da capital em 2012 com o \u201ct\u00e9cnico\u201d Fernando Haddad. O partido tentou novos nomes desde 2002, foram candidatos Jos\u00e9 Genoino (para o governo do Estado), o Aloizio Mercadante (para o governo do Estado) e a Marta Suplicy (para a Prefeitura).<\/span><\/h3>\n<h3 style=\"text-align: justify;\"><span style=\"color: #000000;\">O PT de Itabuna precisa ter um pensamento partid\u00e1rio, podemos citar novamente exemplo de S\u00e3o Paulo. O partido tinha duas pr\u00e9-candidaturas, a ex-prefeita Marta Suplicy e o novato Fernando Haddad. O partido decidiu pela renova\u00e7\u00e3o e Fernando Haddad foi o eleito.<\/span><\/h3>\n<h3 style=\"text-align: justify;\"><span style=\"color: #000000;\">Em 2011 o PT de Itabuna tamb\u00e9m tinha duas pr\u00e9-candidaturas, Ju\u00e7ara Feitosa e Vane do Renascer, mas desde o inicio o nome de Vane foi vetado, e ele teve que sair do partido para conseguir ser candidato, e acabou sendo eleito pelo PRB da Igreja Universal.<\/span><\/h3>\n<h3 style=\"text-align: justify;\"><span style=\"color: #000000;\">Ent\u00e3o essa \u00e9 a hora do PT de Itabuna fazer uma reflex\u00e3o sobre o seu futuro, e Geraldo Sim\u00f5es tem um papel importante neste momento.<\/span><\/h3>\n<h3 style=\"text-align: justify;\"><span style=\"color: #000000;\">Jo\u00e3o Matheus \u00e9 editor do Blog Pol\u00edticos do Sul da Bahia.<\/span><\/h3>\n","protected":false},"excerpt":{"rendered":"<p>Por Jo\u00e3o Matheus Feitosa. Passada a elei\u00e7\u00e3o o PT de Itabuna tem que se reunir e fazer uma reflex\u00e3o sobre a trajet\u00f3ria do partido. Na elei\u00e7\u00e3o deste ano o partido ficou na terceira coloca\u00e7\u00e3o, e a \u00faltima vez que o partido elegeu prefeito no munic\u00edpio foi em 2000. Desde 1992 quando o PT conseguiu chegar [&hellip;]<\/p>\n","protected":false},"author":2,"featured_media":0,"comment_status":"open","ping_status":"open","sticky":false,"template":"","format":"standard","meta":{"footnotes":"","_links_to":"","_links_to_target":""},"categories":[1],"tags":[],"class_list":["post-46474","post","type-post","status-publish","format-standard","hentry","category-geral"],"views":2964,"_links":{"self":[{"href":"https:\/\/www.politicosdosuldabahia.com.br\/v1\/wp-json\/wp\/v2\/posts\/46474"}],"collection":[{"href":"https:\/\/www.politicosdosuldabahia.com.br\/v1\/wp-json\/wp\/v2\/posts"}],"about":[{"href":"https:\/\/www.politicosdosuldabahia.com.br\/v1\/wp-json\/wp\/v2\/types\/post"}],"author":[{"embeddable":true,"href":"https:\/\/www.politicosdosuldabahia.com.br\/v1\/wp-json\/wp\/v2\/users\/2"}],"replies":[{"embeddable":true,"href":"https:\/\/www.politicosdosuldabahia.com.br\/v1\/wp-json\/wp\/v2\/comments?post=46474"}],"version-history":[{"count":4,"href":"https:\/\/www.politicosdosuldabahia.com.br\/v1\/wp-json\/wp\/v2\/posts\/46474\/revisions"}],"predecessor-version":[{"id":46479,"href":"https:\/\/www.politicosdosuldabahia.com.br\/v1\/wp-json\/wp\/v2\/posts\/46474\/revisions\/46479"}],"wp:attachment":[{"href":"https:\/\/www.politicosdosuldabahia.com.br\/v1\/wp-json\/wp\/v2\/media?parent=46474"}],"wp:term":[{"taxonomy":"category","embeddable":true,"href":"https:\/\/www.politicosdosuldabahia.com.br\/v1\/wp-json\/wp\/v2\/categories?post=46474"},{"taxonomy":"post_tag","embeddable":true,"href":"https:\/\/www.politicosdosuldabahia.com.br\/v1\/wp-json\/wp\/v2\/tags?post=46474"}],"curies":[{"name":"wp","href":"https:\/\/api.w.org\/{rel}","templated":true}]}}