
{"id":46043,"date":"2012-10-18T19:35:17","date_gmt":"2012-10-18T22:35:17","guid":{"rendered":"http:\/\/www.politicosdosuldabahia.com.br\/v1\/?p=46043"},"modified":"2012-10-18T19:37:00","modified_gmt":"2012-10-18T22:37:00","slug":"itape-pedrao-no-j-silva","status":"publish","type":"post","link":"https:\/\/www.politicosdosuldabahia.com.br\/v1\/2012\/10\/18\/itape-pedrao-no-j-silva\/","title":{"rendered":"ITAP\u00c9: PEDR\u00c3O NO J SILVA"},"content":{"rendered":"<p><a href=\"http:\/\/www.politicosdosuldabahia.com.br\/v1\/2012\/10\/18\/itape-pedrao-no-j-silva\/foto0937\/\" rel=\"attachment wp-att-46044\"><img loading=\"lazy\" decoding=\"async\" class=\"aligncenter size-medium wp-image-46044\" title=\"Foto0937\" src=\"http:\/\/www.politicosdosuldabahia.com.br\/v1\/wp-content\/uploads\/2012\/10\/Foto0937-300x225.jpg\" alt=\"\" width=\"300\" height=\"225\" srcset=\"https:\/\/www.politicosdosuldabahia.com.br\/v1\/wp-content\/uploads\/2012\/10\/Foto0937-300x225.jpg 300w, https:\/\/www.politicosdosuldabahia.com.br\/v1\/wp-content\/uploads\/2012\/10\/Foto0937.jpg 320w\" sizes=\"(max-width: 300px) 100vw, 300px\" \/><\/a><\/p>\n<h3 style=\"text-align: justify;\"><span style=\"color: #000000;\">Nesta sexta-feira o prefeito eleito de Itap\u00e9, Pedr\u00e3o (PSB), ser\u00e1 entrevistado pelo radialista J Silva, ser\u00e1 a partir das 9 horas pela r\u00e1dio Jornal de Itabuna (560).<\/span><\/h3>\n<h3 style=\"text-align: justify;\"><span style=\"color: #000000;\">O prefeito vai agradecer a vota\u00e7\u00e3o e falar sobre os projetos para o seu governo. A escolha pelo programa de J Silva, \u00e9 porque \u00e9 o campe\u00e3o de audi\u00eancia na cidade.<\/span><\/h3>\n","protected":false},"excerpt":{"rendered":"<p>Nesta sexta-feira o prefeito eleito de Itap\u00e9, Pedr\u00e3o (PSB), ser\u00e1 entrevistado pelo radialista J Silva, ser\u00e1 a partir das 9 horas pela r\u00e1dio Jornal de Itabuna (560). O prefeito vai agradecer a vota\u00e7\u00e3o e falar sobre os projetos para o seu governo. A escolha pelo programa de J Silva, \u00e9 porque \u00e9 o campe\u00e3o de [&hellip;]<\/p>\n","protected":false},"author":2,"featured_media":0,"comment_status":"open","ping_status":"open","sticky":false,"template":"","format":"standard","meta":{"footnotes":"","_links_to":"","_links_to_target":""},"categories":[1],"tags":[],"class_list":["post-46043","post","type-post","status-publish","format-standard","hentry","category-geral"],"views":1382,"_links":{"self":[{"href":"https:\/\/www.politicosdosuldabahia.com.br\/v1\/wp-json\/wp\/v2\/posts\/46043"}],"collection":[{"href":"https:\/\/www.politicosdosuldabahia.com.br\/v1\/wp-json\/wp\/v2\/posts"}],"about":[{"href":"https:\/\/www.politicosdosuldabahia.com.br\/v1\/wp-json\/wp\/v2\/types\/post"}],"author":[{"embeddable":true,"href":"https:\/\/www.politicosdosuldabahia.com.br\/v1\/wp-json\/wp\/v2\/users\/2"}],"replies":[{"embeddable":true,"href":"https:\/\/www.politicosdosuldabahia.com.br\/v1\/wp-json\/wp\/v2\/comments?post=46043"}],"version-history":[{"count":5,"href":"https:\/\/www.politicosdosuldabahia.com.br\/v1\/wp-json\/wp\/v2\/posts\/46043\/revisions"}],"predecessor-version":[{"id":46048,"href":"https:\/\/www.politicosdosuldabahia.com.br\/v1\/wp-json\/wp\/v2\/posts\/46043\/revisions\/46048"}],"wp:attachment":[{"href":"https:\/\/www.politicosdosuldabahia.com.br\/v1\/wp-json\/wp\/v2\/media?parent=46043"}],"wp:term":[{"taxonomy":"category","embeddable":true,"href":"https:\/\/www.politicosdosuldabahia.com.br\/v1\/wp-json\/wp\/v2\/categories?post=46043"},{"taxonomy":"post_tag","embeddable":true,"href":"https:\/\/www.politicosdosuldabahia.com.br\/v1\/wp-json\/wp\/v2\/tags?post=46043"}],"curies":[{"name":"wp","href":"https:\/\/api.w.org\/{rel}","templated":true}]}}