
{"id":45919,"date":"2012-10-16T17:01:23","date_gmt":"2012-10-16T20:01:23","guid":{"rendered":"http:\/\/www.politicosdosuldabahia.com.br\/v1\/?p=45919"},"modified":"2012-10-16T16:04:42","modified_gmt":"2012-10-16T19:04:42","slug":"prefeitos-eleitos-e-reeleitos-da-bahia-estarao-reunidos-no-seminario-novos-gestores","status":"publish","type":"post","link":"https:\/\/www.politicosdosuldabahia.com.br\/v1\/2012\/10\/16\/prefeitos-eleitos-e-reeleitos-da-bahia-estarao-reunidos-no-seminario-novos-gestores\/","title":{"rendered":"PREFEITOS ELEITOS E REELEITOS DA BAHIA ESTAR\u00c3O  REUNIDOS NO SEMIN\u00c1RIO \u201cNOVOS GESTORES\u201d"},"content":{"rendered":"<p><a href=\"http:\/\/www.politicosdosuldabahia.com.br\/v1\/?attachment_id=45920\" rel=\"attachment wp-att-45920\"><img loading=\"lazy\" decoding=\"async\" class=\"aligncenter size-medium wp-image-45920\" title=\"OLYMPUS DIGITAL CAMERA\" src=\"http:\/\/www.politicosdosuldabahia.com.br\/v1\/wp-content\/uploads\/2012\/10\/Presidente-da-CNM-Paulo-Ziulkoski-de-gravata-na-frente-e-a-comitiva-de-representantes-estaduais-e-municipais-em-Bras\u00edlia-300x225.jpg\" alt=\"\" width=\"300\" height=\"225\" srcset=\"https:\/\/www.politicosdosuldabahia.com.br\/v1\/wp-content\/uploads\/2012\/10\/Presidente-da-CNM-Paulo-Ziulkoski-de-gravata-na-frente-e-a-comitiva-de-representantes-estaduais-e-municipais-em-Bras\u00edlia-300x225.jpg 300w, https:\/\/www.politicosdosuldabahia.com.br\/v1\/wp-content\/uploads\/2012\/10\/Presidente-da-CNM-Paulo-Ziulkoski-de-gravata-na-frente-e-a-comitiva-de-representantes-estaduais-e-municipais-em-Bras\u00edlia.jpg 1024w\" sizes=\"(max-width: 300px) 100vw, 300px\" \/><\/a><\/p>\n<h3 style=\"text-align: justify;\"><span style=\"color: #000000;\">Com o objetivo de subsidiar os novos gestores com informa\u00e7\u00f5es b\u00e1sicas sobre as principais \u00e1reas de atua\u00e7\u00e3o da administra\u00e7\u00e3o p\u00fablica municipal, a Confedera\u00e7\u00e3o Nacional dos Munic\u00edpios, com o apoio da Uni\u00e3o dos Munic\u00edpios da Bahia (UPB) e da Associa\u00e7\u00e3o dos Munic\u00edpios do Sul, Extremo Sul e Sudoeste Baiano (Amurc) estar\u00e1 promovendo o Semin\u00e1rio Novos Gestores nesta quarta-feira (17) e quinta-feira (18), das 8 \u00e0s 18 horas, no Canabrava Resort, em Ilh\u00e9us.<\/span><\/h3>\n<h3 style=\"text-align: justify;\"><span style=\"color: #000000;\">Ap\u00f3s o per\u00edodo do primeiro turno das elei\u00e7\u00f5es, o Movimento Municipalista, coordenado pela CNM est\u00e1 iniciando um ciclo de palestras nos estados brasileiros visando conhecer os prefeitos eleitos e reeleitos, bem como capacit\u00e1-los para os pr\u00f3ximos quatro anos de mandato. O encontro re\u00fane palestras que ser\u00e3o ministradas por t\u00e9cnicos da CNM, envolvendo todos os setores da administra\u00e7\u00e3o p\u00fablica, bem como um modelo de gest\u00e3o eficiente elaborado pela entidade.<\/span><\/h3>\n","protected":false},"excerpt":{"rendered":"<p>Com o objetivo de subsidiar os novos gestores com informa\u00e7\u00f5es b\u00e1sicas sobre as principais \u00e1reas de atua\u00e7\u00e3o da administra\u00e7\u00e3o p\u00fablica municipal, a Confedera\u00e7\u00e3o Nacional dos Munic\u00edpios, com o apoio da Uni\u00e3o dos Munic\u00edpios da Bahia (UPB) e da Associa\u00e7\u00e3o dos Munic\u00edpios do Sul, Extremo Sul e Sudoeste Baiano (Amurc) estar\u00e1 promovendo o Semin\u00e1rio Novos Gestores [&hellip;]<\/p>\n","protected":false},"author":2,"featured_media":0,"comment_status":"open","ping_status":"open","sticky":false,"template":"","format":"standard","meta":{"footnotes":"","_links_to":"","_links_to_target":""},"categories":[1],"tags":[],"class_list":["post-45919","post","type-post","status-publish","format-standard","hentry","category-geral"],"views":2078,"_links":{"self":[{"href":"https:\/\/www.politicosdosuldabahia.com.br\/v1\/wp-json\/wp\/v2\/posts\/45919"}],"collection":[{"href":"https:\/\/www.politicosdosuldabahia.com.br\/v1\/wp-json\/wp\/v2\/posts"}],"about":[{"href":"https:\/\/www.politicosdosuldabahia.com.br\/v1\/wp-json\/wp\/v2\/types\/post"}],"author":[{"embeddable":true,"href":"https:\/\/www.politicosdosuldabahia.com.br\/v1\/wp-json\/wp\/v2\/users\/2"}],"replies":[{"embeddable":true,"href":"https:\/\/www.politicosdosuldabahia.com.br\/v1\/wp-json\/wp\/v2\/comments?post=45919"}],"version-history":[{"count":2,"href":"https:\/\/www.politicosdosuldabahia.com.br\/v1\/wp-json\/wp\/v2\/posts\/45919\/revisions"}],"predecessor-version":[{"id":45922,"href":"https:\/\/www.politicosdosuldabahia.com.br\/v1\/wp-json\/wp\/v2\/posts\/45919\/revisions\/45922"}],"wp:attachment":[{"href":"https:\/\/www.politicosdosuldabahia.com.br\/v1\/wp-json\/wp\/v2\/media?parent=45919"}],"wp:term":[{"taxonomy":"category","embeddable":true,"href":"https:\/\/www.politicosdosuldabahia.com.br\/v1\/wp-json\/wp\/v2\/categories?post=45919"},{"taxonomy":"post_tag","embeddable":true,"href":"https:\/\/www.politicosdosuldabahia.com.br\/v1\/wp-json\/wp\/v2\/tags?post=45919"}],"curies":[{"name":"wp","href":"https:\/\/api.w.org\/{rel}","templated":true}]}}