
{"id":45433,"date":"2012-10-05T01:09:12","date_gmt":"2012-10-05T04:09:12","guid":{"rendered":"http:\/\/www.politicosdosuldabahia.com.br\/v1\/?p=45433"},"modified":"2012-10-05T01:09:14","modified_gmt":"2012-10-05T04:09:14","slug":"itabuna-troca-de-farpas-entre-jucara-e-vane","status":"publish","type":"post","link":"https:\/\/www.politicosdosuldabahia.com.br\/v1\/2012\/10\/05\/itabuna-troca-de-farpas-entre-jucara-e-vane\/","title":{"rendered":"ITABUNA: TROCA DE FARPAS ENTRE JU\u00c7ARA E VANE"},"content":{"rendered":"<h3 style=\"text-align: justify;\"><a href=\"http:\/\/www.politicosdosuldabahia.com.br\/v1\/2012\/10\/05\/itabuna-troca-de-farpas-entre-jucara-e-vane\/wagner-jucara-e-vane-300x2031-3\/\" rel=\"attachment wp-att-45434\"><img loading=\"lazy\" decoding=\"async\" class=\"aligncenter size-full wp-image-45434\" title=\"wagner-ju\u00e7ara-e-vane-300x2031\" src=\"http:\/\/www.politicosdosuldabahia.com.br\/v1\/wp-content\/uploads\/2012\/10\/wagner-ju\u00e7ara-e-vane-300x20312.jpg\" alt=\"\" width=\"300\" height=\"203\" \/><\/a><br \/>\n<span style=\"color: #000000;\">O clima ficou tenso na noite desta quinta-feira durante o debate entre os candidatos a prefeitos de Itabuna realizado pela TV Santa Cruz. Ficou evidente a tens\u00e3o envolvendo os candidatos Vane do Renascer (PRB), e Ju\u00e7ara Feitosa (PT).<\/span><\/h3>\n<h3 style=\"text-align: justify;\"><span style=\"color: #000000;\">Ju\u00e7ara falou dos consignados e acusou Vane de proteger seu vice Wenceslau:<\/span><\/h3>\n<h3 style=\"text-align: justify;\"><span style=\"color: #000000;\">&#8220;O senhor, em seu relat\u00f3rio, candidato Vane, protegeu seus colegas. Protegeu seu vice, Wenceslau, que fraudou o contracheque para tomar mais empr\u00e9stimos do que teria direito.&#8221;<\/span><\/h3>\n<h3 style=\"text-align: justify;\"><span style=\"color: #000000;\">J\u00e1 Vane rebateu, declarando que na gest\u00e3o do ent\u00e3o prefeito Geraldo Sim\u00f5es (PT), n\u00e3o foi explicado aonde foi \u201cparar\u201d a verba de R$ 1 milh\u00e3o devolvido pela c\u00e2mara.<\/span><\/h3>\n<h3 style=\"text-align: justify;\"><span style=\"color: #000000;\">\u201c A senhora n\u00e3o explicou aonde foi utilizado o valor de R$ 1 milh\u00e3o que foi devolvido pela c\u00e2mara para a constru\u00e7\u00e3o de uma creche.\u201d<\/span><\/h3>\n","protected":false},"excerpt":{"rendered":"<p>O clima ficou tenso na noite desta quinta-feira durante o debate entre os candidatos a prefeitos de Itabuna realizado pela TV Santa Cruz. Ficou evidente a tens\u00e3o envolvendo os candidatos Vane do Renascer (PRB), e Ju\u00e7ara Feitosa (PT). Ju\u00e7ara falou dos consignados e acusou Vane de proteger seu vice Wenceslau: &#8220;O senhor, em seu relat\u00f3rio, [&hellip;]<\/p>\n","protected":false},"author":2,"featured_media":0,"comment_status":"open","ping_status":"open","sticky":false,"template":"","format":"standard","meta":{"footnotes":"","_links_to":"","_links_to_target":""},"categories":[1],"tags":[],"class_list":["post-45433","post","type-post","status-publish","format-standard","hentry","category-geral"],"views":2524,"_links":{"self":[{"href":"https:\/\/www.politicosdosuldabahia.com.br\/v1\/wp-json\/wp\/v2\/posts\/45433"}],"collection":[{"href":"https:\/\/www.politicosdosuldabahia.com.br\/v1\/wp-json\/wp\/v2\/posts"}],"about":[{"href":"https:\/\/www.politicosdosuldabahia.com.br\/v1\/wp-json\/wp\/v2\/types\/post"}],"author":[{"embeddable":true,"href":"https:\/\/www.politicosdosuldabahia.com.br\/v1\/wp-json\/wp\/v2\/users\/2"}],"replies":[{"embeddable":true,"href":"https:\/\/www.politicosdosuldabahia.com.br\/v1\/wp-json\/wp\/v2\/comments?post=45433"}],"version-history":[{"count":4,"href":"https:\/\/www.politicosdosuldabahia.com.br\/v1\/wp-json\/wp\/v2\/posts\/45433\/revisions"}],"predecessor-version":[{"id":45438,"href":"https:\/\/www.politicosdosuldabahia.com.br\/v1\/wp-json\/wp\/v2\/posts\/45433\/revisions\/45438"}],"wp:attachment":[{"href":"https:\/\/www.politicosdosuldabahia.com.br\/v1\/wp-json\/wp\/v2\/media?parent=45433"}],"wp:term":[{"taxonomy":"category","embeddable":true,"href":"https:\/\/www.politicosdosuldabahia.com.br\/v1\/wp-json\/wp\/v2\/categories?post=45433"},{"taxonomy":"post_tag","embeddable":true,"href":"https:\/\/www.politicosdosuldabahia.com.br\/v1\/wp-json\/wp\/v2\/tags?post=45433"}],"curies":[{"name":"wp","href":"https:\/\/api.w.org\/{rel}","templated":true}]}}