
{"id":45410,"date":"2012-10-04T12:11:34","date_gmt":"2012-10-04T15:11:34","guid":{"rendered":"http:\/\/www.politicosdosuldabahia.com.br\/v1\/?p=45410"},"modified":"2012-10-04T12:11:36","modified_gmt":"2012-10-04T15:11:36","slug":"itabuna-loyola-nao-ficou-em-raios-no-presidio","status":"publish","type":"post","link":"https:\/\/www.politicosdosuldabahia.com.br\/v1\/2012\/10\/04\/itabuna-loyola-nao-ficou-em-raios-no-presidio\/","title":{"rendered":"ITABUNA: LOYOLA N\u00c3O FICOU EM RAIOS NO PRES\u00cdDIO"},"content":{"rendered":"<p><a href=\"http:\/\/www.politicosdosuldabahia.com.br\/v1\/2012\/10\/04\/itabuna-loyola-nao-ficou-em-raios-no-presidio\/sony-dsc-15\/\" rel=\"attachment wp-att-45411\"><img loading=\"lazy\" decoding=\"async\" class=\"aligncenter size-medium wp-image-45411\" title=\"SONY DSC\" src=\"http:\/\/www.politicosdosuldabahia.com.br\/v1\/wp-content\/uploads\/2012\/10\/Clovis-Loiola-\u00e9-preso-por-falsidade-ideol\u00f3gica1-300x200.jpg\" alt=\"\" width=\"300\" height=\"200\" srcset=\"https:\/\/www.politicosdosuldabahia.com.br\/v1\/wp-content\/uploads\/2012\/10\/Clovis-Loiola-\u00e9-preso-por-falsidade-ideol\u00f3gica1-300x200.jpg 300w, https:\/\/www.politicosdosuldabahia.com.br\/v1\/wp-content\/uploads\/2012\/10\/Clovis-Loiola-\u00e9-preso-por-falsidade-ideol\u00f3gica1.jpg 600w\" sizes=\"(max-width: 300px) 100vw, 300px\" \/><\/a><\/p>\n<h3 style=\"text-align: justify;\"><span style=\"color: #000000;\">Em Itabuna com a pris\u00e3o na \u00faltima ter\u00e7a-feira \u00a0do vereador Loyola (PSDC), surgiu a expectativa em qual raio ele ficaria no pres\u00eddio, no A ou no B. j\u00e1 que essa divis\u00e3o dentro do pres\u00eddio j\u00e1 foi divulgada na m\u00eddia nacional.<\/span><\/h3>\n<h3 style=\"text-align: justify;\"><span style=\"color: #000000;\">S\u00f3 que Loyola n\u00e3o foi para nenhum raio, ele est\u00e1 no p\u00e1tio dos presos semiabertos ou de bom comportamento. A dire\u00e7\u00e3o do pres\u00eddio teve o bom senso.<\/span><\/h3>\n","protected":false},"excerpt":{"rendered":"<p>Em Itabuna com a pris\u00e3o na \u00faltima ter\u00e7a-feira \u00a0do vereador Loyola (PSDC), surgiu a expectativa em qual raio ele ficaria no pres\u00eddio, no A ou no B. j\u00e1 que essa divis\u00e3o dentro do pres\u00eddio j\u00e1 foi divulgada na m\u00eddia nacional. S\u00f3 que Loyola n\u00e3o foi para nenhum raio, ele est\u00e1 no p\u00e1tio dos presos semiabertos [&hellip;]<\/p>\n","protected":false},"author":2,"featured_media":0,"comment_status":"open","ping_status":"open","sticky":false,"template":"","format":"standard","meta":{"footnotes":"","_links_to":"","_links_to_target":""},"categories":[1],"tags":[],"class_list":["post-45410","post","type-post","status-publish","format-standard","hentry","category-geral"],"views":2395,"_links":{"self":[{"href":"https:\/\/www.politicosdosuldabahia.com.br\/v1\/wp-json\/wp\/v2\/posts\/45410"}],"collection":[{"href":"https:\/\/www.politicosdosuldabahia.com.br\/v1\/wp-json\/wp\/v2\/posts"}],"about":[{"href":"https:\/\/www.politicosdosuldabahia.com.br\/v1\/wp-json\/wp\/v2\/types\/post"}],"author":[{"embeddable":true,"href":"https:\/\/www.politicosdosuldabahia.com.br\/v1\/wp-json\/wp\/v2\/users\/2"}],"replies":[{"embeddable":true,"href":"https:\/\/www.politicosdosuldabahia.com.br\/v1\/wp-json\/wp\/v2\/comments?post=45410"}],"version-history":[{"count":4,"href":"https:\/\/www.politicosdosuldabahia.com.br\/v1\/wp-json\/wp\/v2\/posts\/45410\/revisions"}],"predecessor-version":[{"id":45415,"href":"https:\/\/www.politicosdosuldabahia.com.br\/v1\/wp-json\/wp\/v2\/posts\/45410\/revisions\/45415"}],"wp:attachment":[{"href":"https:\/\/www.politicosdosuldabahia.com.br\/v1\/wp-json\/wp\/v2\/media?parent=45410"}],"wp:term":[{"taxonomy":"category","embeddable":true,"href":"https:\/\/www.politicosdosuldabahia.com.br\/v1\/wp-json\/wp\/v2\/categories?post=45410"},{"taxonomy":"post_tag","embeddable":true,"href":"https:\/\/www.politicosdosuldabahia.com.br\/v1\/wp-json\/wp\/v2\/tags?post=45410"}],"curies":[{"name":"wp","href":"https:\/\/api.w.org\/{rel}","templated":true}]}}