
{"id":45396,"date":"2012-10-04T10:36:26","date_gmt":"2012-10-04T13:36:26","guid":{"rendered":"http:\/\/www.politicosdosuldabahia.com.br\/v1\/?p=45396"},"modified":"2012-10-04T00:40:28","modified_gmt":"2012-10-04T03:40:28","slug":"itapebi-policia-militar-aprende-caminhao-com-combustivel","status":"publish","type":"post","link":"https:\/\/www.politicosdosuldabahia.com.br\/v1\/2012\/10\/04\/itapebi-policia-militar-aprende-caminhao-com-combustivel\/","title":{"rendered":"ITAPEBI: POLICIA MILITAR APRENDE CAMINH\u00c3O COM COMBUST\u00cdVEL"},"content":{"rendered":"<p><a href=\"http:\/\/www.politicosdosuldabahia.com.br\/v1\/?attachment_id=45397\" rel=\"attachment wp-att-45397\"><img loading=\"lazy\" decoding=\"async\" class=\"aligncenter size-medium wp-image-45397\" title=\"DSCF1954\" src=\"http:\/\/www.politicosdosuldabahia.com.br\/v1\/wp-content\/uploads\/2012\/10\/DSCF1954-300x200.jpg\" alt=\"\" width=\"300\" height=\"200\" srcset=\"https:\/\/www.politicosdosuldabahia.com.br\/v1\/wp-content\/uploads\/2012\/10\/DSCF1954-300x200.jpg 300w, https:\/\/www.politicosdosuldabahia.com.br\/v1\/wp-content\/uploads\/2012\/10\/DSCF1954.jpg 1024w\" sizes=\"(max-width: 300px) 100vw, 300px\" \/><\/a><\/p>\n<h3 style=\"text-align: justify;\"><span style=\"color: #000000;\">Nesta ter\u00e7a-feira a Policia Militar de Itapebi aprendeu o veiculo de combust\u00edvel do candidato a prefeito ligado ao governo municipal. O motivo foi uma poss\u00edvel distribui\u00e7\u00e3o irregular de combust\u00edvel.<\/span><\/h3>\n<h3 style=\"text-align: justify;\"><span style=\"color: #000000;\">Se comprovado a acusa\u00e7\u00e3o, estar\u00e1 configurado o abuso do poder econ\u00f4mico.<\/span><\/h3>\n<h3 style=\"text-align: justify;\"><span style=\"color: #000000;\">A irresponsabilidade foi tamanha, causando risco a popula\u00e7\u00e3o uma vez que o combust\u00edvel \u00e9 inflam\u00e1vel de alto risco, podendo causar um s\u00e9rio acidente.<\/span><\/h3>\n<h3 style=\"text-align: justify;\"><span style=\"color: #000000;\">Diante das denuncias da popula\u00e7\u00e3o a Policia Militar agiu imediatamente evitando os riscos que poderiam ser catastr\u00f3ficos a popula\u00e7\u00e3o de Itapebi.<\/span><\/h3>\n","protected":false},"excerpt":{"rendered":"<p>Nesta ter\u00e7a-feira a Policia Militar de Itapebi aprendeu o veiculo de combust\u00edvel do candidato a prefeito ligado ao governo municipal. O motivo foi uma poss\u00edvel distribui\u00e7\u00e3o irregular de combust\u00edvel. Se comprovado a acusa\u00e7\u00e3o, estar\u00e1 configurado o abuso do poder econ\u00f4mico. A irresponsabilidade foi tamanha, causando risco a popula\u00e7\u00e3o uma vez que o combust\u00edvel \u00e9 inflam\u00e1vel [&hellip;]<\/p>\n","protected":false},"author":2,"featured_media":0,"comment_status":"open","ping_status":"open","sticky":false,"template":"","format":"standard","meta":{"footnotes":"","_links_to":"","_links_to_target":""},"categories":[1],"tags":[],"class_list":["post-45396","post","type-post","status-publish","format-standard","hentry","category-geral"],"views":1141,"_links":{"self":[{"href":"https:\/\/www.politicosdosuldabahia.com.br\/v1\/wp-json\/wp\/v2\/posts\/45396"}],"collection":[{"href":"https:\/\/www.politicosdosuldabahia.com.br\/v1\/wp-json\/wp\/v2\/posts"}],"about":[{"href":"https:\/\/www.politicosdosuldabahia.com.br\/v1\/wp-json\/wp\/v2\/types\/post"}],"author":[{"embeddable":true,"href":"https:\/\/www.politicosdosuldabahia.com.br\/v1\/wp-json\/wp\/v2\/users\/2"}],"replies":[{"embeddable":true,"href":"https:\/\/www.politicosdosuldabahia.com.br\/v1\/wp-json\/wp\/v2\/comments?post=45396"}],"version-history":[{"count":2,"href":"https:\/\/www.politicosdosuldabahia.com.br\/v1\/wp-json\/wp\/v2\/posts\/45396\/revisions"}],"predecessor-version":[{"id":45399,"href":"https:\/\/www.politicosdosuldabahia.com.br\/v1\/wp-json\/wp\/v2\/posts\/45396\/revisions\/45399"}],"wp:attachment":[{"href":"https:\/\/www.politicosdosuldabahia.com.br\/v1\/wp-json\/wp\/v2\/media?parent=45396"}],"wp:term":[{"taxonomy":"category","embeddable":true,"href":"https:\/\/www.politicosdosuldabahia.com.br\/v1\/wp-json\/wp\/v2\/categories?post=45396"},{"taxonomy":"post_tag","embeddable":true,"href":"https:\/\/www.politicosdosuldabahia.com.br\/v1\/wp-json\/wp\/v2\/tags?post=45396"}],"curies":[{"name":"wp","href":"https:\/\/api.w.org\/{rel}","templated":true}]}}