
{"id":45203,"date":"2012-09-30T17:45:05","date_gmt":"2012-09-30T20:45:05","guid":{"rendered":"http:\/\/www.politicosdosuldabahia.com.br\/v1\/?p=45203"},"modified":"2012-09-30T17:45:05","modified_gmt":"2012-09-30T20:45:05","slug":"itajuipe-marcos-dantas-tenta-o-apoio-do-candidato-jose-reis","status":"publish","type":"post","link":"https:\/\/www.politicosdosuldabahia.com.br\/v1\/2012\/09\/30\/itajuipe-marcos-dantas-tenta-o-apoio-do-candidato-jose-reis\/","title":{"rendered":"ITAJU\u00cdPE: MARCOS DANTAS TENTA O APOIO DO CANDIDATO JOS\u00c9 REIS"},"content":{"rendered":"<h3 style=\"text-align: justify;\"><span style=\"color: #000000;\">Em Itaju\u00edpe o prefeito Marcos Dantas (PSD), pediu para uma pessoa manter contato com o vereador Vinicius Guimar\u00e3es (PC do B), e com\u00a0Ga\u00facho\u00a0(PRB), que \u00e9 candidato a vice na chapa do candidato Jos\u00e9 Reis (PSC).<\/span><\/h3>\n<h3 style=\"text-align: justify;\"><span style=\"color: #000000;\">A pauta da conversa foi um poss\u00edvel apoio a candidata Si Dantas (PSD), foi prometido uma participa\u00e7\u00e3o expressiva dentro no governo, em caso de elei\u00e7\u00e3o de Si Dantas. Mas o \u201cQG\u201d de Jos\u00e9 Reis declinou da proposta.<\/span><\/h3>\n<h3 style=\"text-align: justify;\"><span style=\"color: #000000;\">Jos\u00e9 Reis declarou que n\u00e3o recuar para ningu\u00e9m, e que vai levar a sua candidatura at\u00e9 o final. \u201c N\u00e3o vamos recuar, temos vergonha na cara, e nossa candidatura vai at\u00e9 o final\u201d.<\/span><\/h3>\n","protected":false},"excerpt":{"rendered":"<p>Em Itaju\u00edpe o prefeito Marcos Dantas (PSD), pediu para uma pessoa manter contato com o vereador Vinicius Guimar\u00e3es (PC do B), e com\u00a0Ga\u00facho\u00a0(PRB), que \u00e9 candidato a vice na chapa do candidato Jos\u00e9 Reis (PSC). A pauta da conversa foi um poss\u00edvel apoio a candidata Si Dantas (PSD), foi prometido uma participa\u00e7\u00e3o expressiva dentro no [&hellip;]<\/p>\n","protected":false},"author":2,"featured_media":0,"comment_status":"open","ping_status":"open","sticky":false,"template":"","format":"standard","meta":{"footnotes":"","_links_to":"","_links_to_target":""},"categories":[1],"tags":[],"class_list":["post-45203","post","type-post","status-publish","format-standard","hentry","category-geral"],"views":3215,"_links":{"self":[{"href":"https:\/\/www.politicosdosuldabahia.com.br\/v1\/wp-json\/wp\/v2\/posts\/45203"}],"collection":[{"href":"https:\/\/www.politicosdosuldabahia.com.br\/v1\/wp-json\/wp\/v2\/posts"}],"about":[{"href":"https:\/\/www.politicosdosuldabahia.com.br\/v1\/wp-json\/wp\/v2\/types\/post"}],"author":[{"embeddable":true,"href":"https:\/\/www.politicosdosuldabahia.com.br\/v1\/wp-json\/wp\/v2\/users\/2"}],"replies":[{"embeddable":true,"href":"https:\/\/www.politicosdosuldabahia.com.br\/v1\/wp-json\/wp\/v2\/comments?post=45203"}],"version-history":[{"count":2,"href":"https:\/\/www.politicosdosuldabahia.com.br\/v1\/wp-json\/wp\/v2\/posts\/45203\/revisions"}],"predecessor-version":[{"id":45205,"href":"https:\/\/www.politicosdosuldabahia.com.br\/v1\/wp-json\/wp\/v2\/posts\/45203\/revisions\/45205"}],"wp:attachment":[{"href":"https:\/\/www.politicosdosuldabahia.com.br\/v1\/wp-json\/wp\/v2\/media?parent=45203"}],"wp:term":[{"taxonomy":"category","embeddable":true,"href":"https:\/\/www.politicosdosuldabahia.com.br\/v1\/wp-json\/wp\/v2\/categories?post=45203"},{"taxonomy":"post_tag","embeddable":true,"href":"https:\/\/www.politicosdosuldabahia.com.br\/v1\/wp-json\/wp\/v2\/tags?post=45203"}],"curies":[{"name":"wp","href":"https:\/\/api.w.org\/{rel}","templated":true}]}}