
{"id":44325,"date":"2012-09-11T00:11:51","date_gmt":"2012-09-11T03:11:51","guid":{"rendered":"http:\/\/www.politicosdosuldabahia.com.br\/v1\/?p=44325"},"modified":"2012-09-11T00:11:52","modified_gmt":"2012-09-11T03:11:52","slug":"itabuna-morre-professor-flavio-simoes","status":"publish","type":"post","link":"https:\/\/www.politicosdosuldabahia.com.br\/v1\/2012\/09\/11\/itabuna-morre-professor-flavio-simoes\/","title":{"rendered":"ITABUNA: MORRE PROFESSOR FL\u00c1VIO SIM\u00d5ES"},"content":{"rendered":"<p><a href=\"http:\/\/www.politicosdosuldabahia.com.br\/v1\/2012\/09\/11\/itabuna-morre-professor-flavio-simoes\/flavio-simoes-foto-waldyr-gomes-210x300\/\" rel=\"attachment wp-att-44326\"><img loading=\"lazy\" decoding=\"async\" class=\"aligncenter size-full wp-image-44326\" title=\"Fl\u00e1vio-Sim\u00f5es-foto-Waldyr-Gomes-210x300\" src=\"http:\/\/www.politicosdosuldabahia.com.br\/v1\/wp-content\/uploads\/2012\/09\/Fl\u00e1vio-Sim\u00f5es-foto-Waldyr-Gomes-210x300.jpg\" alt=\"\" width=\"210\" height=\"300\" \/><\/a><\/p>\n<h3 style=\"text-align: justify;\"><span style=\"color: #000000;\">Do &#8220;Pimenta Blog&#8221;.<\/span><\/h3>\n<h3 style=\"text-align: justify;\"><span style=\"color: #000000;\">O professor e soci\u00f3logo Fl\u00e1vio Sim\u00f5es Costa, 80 anos, faleceu \u00e0s 20h28min desta segunda, 10, no Hospital Alian\u00e7a, em Salvador, onde estava internado com problemas card\u00edacos e respirat\u00f3rios.<\/span><\/h3>\n<h3 style=\"text-align: justify;\"><span style=\"color: #000000;\">Fl\u00e1vio Sim\u00f5es foi dos fundadores da Faculdade de Filosofia de Itabuna, embrion\u00e1ria da Fespi-Uesc. O professor e soci\u00f3logo pertenceu ao Departamento de Filosofia e Ci\u00eancias Humanas da Universidade Estadual de Santa Cruz (Uesc) desde a funda\u00e7\u00e3o da Fespi.<\/span><\/h3>\n<h3 style=\"text-align: justify;\"><span style=\"color: #000000;\">Ele foi vereador por tr\u00eas mandatos e presidente da C\u00e2mara de Itabuna por duas vezes. Ainda na pol\u00edtica, ele era tido como um dos pensadores do grupo pol\u00edtico do ex-prefeito Fernando Gomes e presidiu a Funda\u00e7\u00e3o Itabunense de Cultura e Cidadania (FICC).<\/span><\/h3>\n<h3 style=\"text-align: justify;\"><span style=\"color: #000000;\">O corpo de Fl\u00e1vio Sim\u00f5es ser\u00e1 trasladado para Itabuna e velado no plen\u00e1rio da C\u00e2mara de Vereadores, nesta ter\u00e7a pela manh\u00e3. Ele deixa quatro filhos. A esposa, professora Norma Costa, faleceu em 4 de abril deste ano.<\/span><\/h3>\n","protected":false},"excerpt":{"rendered":"<p>Do &#8220;Pimenta Blog&#8221;. O professor e soci\u00f3logo Fl\u00e1vio Sim\u00f5es Costa, 80 anos, faleceu \u00e0s 20h28min desta segunda, 10, no Hospital Alian\u00e7a, em Salvador, onde estava internado com problemas card\u00edacos e respirat\u00f3rios. Fl\u00e1vio Sim\u00f5es foi dos fundadores da Faculdade de Filosofia de Itabuna, embrion\u00e1ria da Fespi-Uesc. O professor e soci\u00f3logo pertenceu ao Departamento de Filosofia e [&hellip;]<\/p>\n","protected":false},"author":2,"featured_media":0,"comment_status":"open","ping_status":"open","sticky":false,"template":"","format":"standard","meta":{"footnotes":"","_links_to":"","_links_to_target":""},"categories":[1],"tags":[],"class_list":["post-44325","post","type-post","status-publish","format-standard","hentry","category-geral"],"views":2148,"_links":{"self":[{"href":"https:\/\/www.politicosdosuldabahia.com.br\/v1\/wp-json\/wp\/v2\/posts\/44325"}],"collection":[{"href":"https:\/\/www.politicosdosuldabahia.com.br\/v1\/wp-json\/wp\/v2\/posts"}],"about":[{"href":"https:\/\/www.politicosdosuldabahia.com.br\/v1\/wp-json\/wp\/v2\/types\/post"}],"author":[{"embeddable":true,"href":"https:\/\/www.politicosdosuldabahia.com.br\/v1\/wp-json\/wp\/v2\/users\/2"}],"replies":[{"embeddable":true,"href":"https:\/\/www.politicosdosuldabahia.com.br\/v1\/wp-json\/wp\/v2\/comments?post=44325"}],"version-history":[{"count":4,"href":"https:\/\/www.politicosdosuldabahia.com.br\/v1\/wp-json\/wp\/v2\/posts\/44325\/revisions"}],"predecessor-version":[{"id":44330,"href":"https:\/\/www.politicosdosuldabahia.com.br\/v1\/wp-json\/wp\/v2\/posts\/44325\/revisions\/44330"}],"wp:attachment":[{"href":"https:\/\/www.politicosdosuldabahia.com.br\/v1\/wp-json\/wp\/v2\/media?parent=44325"}],"wp:term":[{"taxonomy":"category","embeddable":true,"href":"https:\/\/www.politicosdosuldabahia.com.br\/v1\/wp-json\/wp\/v2\/categories?post=44325"},{"taxonomy":"post_tag","embeddable":true,"href":"https:\/\/www.politicosdosuldabahia.com.br\/v1\/wp-json\/wp\/v2\/tags?post=44325"}],"curies":[{"name":"wp","href":"https:\/\/api.w.org\/{rel}","templated":true}]}}