
{"id":44299,"date":"2012-09-10T15:49:43","date_gmt":"2012-09-10T18:49:43","guid":{"rendered":"http:\/\/www.politicosdosuldabahia.com.br\/v1\/?p=44299"},"modified":"2012-09-10T15:49:44","modified_gmt":"2012-09-10T18:49:44","slug":"barro-preto-juiz-cassa-liminar-que-beneficiava-adriano-clementino","status":"publish","type":"post","link":"https:\/\/www.politicosdosuldabahia.com.br\/v1\/2012\/09\/10\/barro-preto-juiz-cassa-liminar-que-beneficiava-adriano-clementino\/","title":{"rendered":"BARRO PRETO: JUIZ CASSA LIMINAR QUE BENEFICIAVA ADRIANO CLEMENTINO"},"content":{"rendered":"<p><a href=\"http:\/\/www.politicosdosuldabahia.com.br\/v1\/2012\/09\/10\/barro-preto-juiz-cassa-liminar-que-beneficiava-adriano-clementino\/adriano\/\" rel=\"attachment wp-att-44300\"><img loading=\"lazy\" decoding=\"async\" class=\"aligncenter size-full wp-image-44300\" title=\"Adriano\" src=\"http:\/\/www.politicosdosuldabahia.com.br\/v1\/wp-content\/uploads\/2012\/09\/Adriano.jpg\" alt=\"\" width=\"180\" height=\"255\" \/><\/a><\/p>\n<h3 style=\"text-align: justify;\"><span style=\"color: #000000;\">Do \u201cCena Bahiana\u201d.<\/span><\/h3>\n<h3 style=\"text-align: justify;\"><span style=\"color: #000000;\">O prefeito Adriano Clementino (PMDB) \u2013 foto -, de Barro Preto, est\u00e1 diante de uma pedra enorme no caminho para a reelei\u00e7\u00e3o. Nesta segunda-feira, 10, o juiz Eros Cavalcanti, da Vara da Fazenda P\u00fablica de Itabuna, cassou a liminar que suspendera os efeitos da rejei\u00e7\u00e3o das contas de Clementino na C\u00e2mara de Vereadores.<\/span><\/h3>\n<h3 style=\"text-align: justify;\"><span style=\"color: #000000;\">O peemedebista teve contas rejeitadas tanto pelo TCM quanto pela C\u00e2mara de Vereadores, e a liminar era a esperan\u00e7a de que o registro fosse deferido pelo Tribunal Regional Eleitoral. Agora, com a decis\u00e3o de Cavalcanti, a avalia\u00e7\u00e3o \u00e9 de que dificilmente o TRE ir\u00e1 liberar o registro.<\/span><\/h3>\n<h3 style=\"text-align: justify;\"><span style=\"color: #000000;\">Se n\u00e3o conseguir continuar no pleito, Clementino ser\u00e1 o segundo candidato de Barro Preto barrado pela justi\u00e7a eleitoral. O primeiro a sofrer \u201cdegola\u201d no TRE foi Jos\u00e9 Bomfim Santos.<\/span><\/h3>\n","protected":false},"excerpt":{"rendered":"<p>Do \u201cCena Bahiana\u201d. O prefeito Adriano Clementino (PMDB) \u2013 foto -, de Barro Preto, est\u00e1 diante de uma pedra enorme no caminho para a reelei\u00e7\u00e3o. Nesta segunda-feira, 10, o juiz Eros Cavalcanti, da Vara da Fazenda P\u00fablica de Itabuna, cassou a liminar que suspendera os efeitos da rejei\u00e7\u00e3o das contas de Clementino na C\u00e2mara de [&hellip;]<\/p>\n","protected":false},"author":2,"featured_media":0,"comment_status":"open","ping_status":"open","sticky":false,"template":"","format":"standard","meta":{"footnotes":"","_links_to":"","_links_to_target":""},"categories":[1],"tags":[],"class_list":["post-44299","post","type-post","status-publish","format-standard","hentry","category-geral"],"views":2277,"_links":{"self":[{"href":"https:\/\/www.politicosdosuldabahia.com.br\/v1\/wp-json\/wp\/v2\/posts\/44299"}],"collection":[{"href":"https:\/\/www.politicosdosuldabahia.com.br\/v1\/wp-json\/wp\/v2\/posts"}],"about":[{"href":"https:\/\/www.politicosdosuldabahia.com.br\/v1\/wp-json\/wp\/v2\/types\/post"}],"author":[{"embeddable":true,"href":"https:\/\/www.politicosdosuldabahia.com.br\/v1\/wp-json\/wp\/v2\/users\/2"}],"replies":[{"embeddable":true,"href":"https:\/\/www.politicosdosuldabahia.com.br\/v1\/wp-json\/wp\/v2\/comments?post=44299"}],"version-history":[{"count":2,"href":"https:\/\/www.politicosdosuldabahia.com.br\/v1\/wp-json\/wp\/v2\/posts\/44299\/revisions"}],"predecessor-version":[{"id":44302,"href":"https:\/\/www.politicosdosuldabahia.com.br\/v1\/wp-json\/wp\/v2\/posts\/44299\/revisions\/44302"}],"wp:attachment":[{"href":"https:\/\/www.politicosdosuldabahia.com.br\/v1\/wp-json\/wp\/v2\/media?parent=44299"}],"wp:term":[{"taxonomy":"category","embeddable":true,"href":"https:\/\/www.politicosdosuldabahia.com.br\/v1\/wp-json\/wp\/v2\/categories?post=44299"},{"taxonomy":"post_tag","embeddable":true,"href":"https:\/\/www.politicosdosuldabahia.com.br\/v1\/wp-json\/wp\/v2\/tags?post=44299"}],"curies":[{"name":"wp","href":"https:\/\/api.w.org\/{rel}","templated":true}]}}