
{"id":43781,"date":"2012-08-30T00:19:46","date_gmt":"2012-08-30T03:19:46","guid":{"rendered":"http:\/\/www.politicosdosuldabahia.com.br\/v1\/?p=43781"},"modified":"2012-08-30T15:31:43","modified_gmt":"2012-08-30T18:31:43","slug":"itabuna-decisoes-do-tre-anima-capitao-azevedo","status":"publish","type":"post","link":"https:\/\/www.politicosdosuldabahia.com.br\/v1\/2012\/08\/30\/itabuna-decisoes-do-tre-anima-capitao-azevedo\/","title":{"rendered":"ITABUNA: DECIS\u00d5ES DO TRE ANIMAM CAPIT\u00c3O AZEVEDO"},"content":{"rendered":"<p style=\"text-align: center;\"><a href=\"http:\/\/www.politicosdosuldabahia.com.br\/v1\/2012\/08\/30\/itabuna-decisoes-do-tre-anima-capitao-azevedo\/itabuna5-6\/\" rel=\"attachment wp-att-43782\"><img loading=\"lazy\" decoding=\"async\" class=\"aligncenter  wp-image-43782\" title=\"Itabuna5\" src=\"http:\/\/www.politicosdosuldabahia.com.br\/v1\/wp-content\/uploads\/2012\/08\/Itabuna51.jpg\" alt=\"\" width=\"384\" height=\"259\" srcset=\"https:\/\/www.politicosdosuldabahia.com.br\/v1\/wp-content\/uploads\/2012\/08\/Itabuna51.jpg 640w, https:\/\/www.politicosdosuldabahia.com.br\/v1\/wp-content\/uploads\/2012\/08\/Itabuna51-300x202.jpg 300w\" sizes=\"(max-width: 384px) 100vw, 384px\" \/><\/a><\/p>\n<h3 style=\"text-align: justify;\"><span style=\"color: #000000;\">Na ultima quarta-feira o Tribunal Regional Eleitoral (TRE-BA), julgou um processo de um candidato id\u00eantico ao prefeito de Itabuna, Capit\u00e3o Azevedo (DEM). Foi do candidato a vice-prefeito de Campo Formoso, Dr\u00ba Chiquinho(PMDB).<\/span><\/h3>\n<h3 style=\"text-align: justify;\"><span style=\"color: #000000;\">O juiz local deferiu seu registro, mas o Minist\u00e9rio P\u00fablico recorreu junto ao TRE, alegando que Chiquinho teve contas rejeitadas pelo Tribunal de Contas dos Munic\u00edpios (TCM), mas at\u00e9 o momento as contas n\u00e3o foram colocadas em vota\u00e7\u00e3o pela c\u00e2mara de vereadores.<\/span><\/h3>\n<h3 style=\"text-align: justify;\"><span style=\"color: #000000;\">O mesmo foi prefeito de Campo Formoso de 2005 a 2008.<\/span><\/h3>\n<h3 style=\"text-align: justify;\"><span style=\"color: #000000;\">Por unanimidade os desembargadores deferiram o registro de candidatura de Chiquinho. Eles entenderam que o parecer do TCM \u00e9 de car\u00e1ter de mero pronunciamento opinativo. E que compete ao Poder Legislativo o julgamento do Chefe do Executivo.<\/span><\/h3>\n<h3 style=\"text-align: justify;\"><span style=\"color: #000000;\">Na decis\u00e3o desta quarta-feira, o TRE afastou o decurso de prazo, com essa decis\u00e3o, eles entenderam que n\u00e3o prevalecer\u00e1 o parecer pr\u00e9vio do TCM se, no prazo de 60 (sessenta) dias contados do seu recebimento, a c\u00e2mara de vereadores n\u00e3o deliberar.<\/span><\/h3>\n<h2 style=\"text-align: justify;\"><span style=\"color: #000000;\">TERCEIRO MANDATO.<\/span><\/h2>\n<h3 style=\"text-align: justify;\"><span style=\"color: #000000;\">Outra situa\u00e7\u00e3o que poderia atrapalhar Capit\u00e3o Azevedo era o poss\u00edvel terceiro mandato, mas no \u00faltimo dia 23 o TRE deferiu o registro de candidatura do atual prefeito de Guanambi, Charles Fernandes (PP).<\/span><\/h3>\n<h3 style=\"text-align: justify;\"><span style=\"color: #000000;\">O mesmo foi eleito Vice-Prefeito no pleito eleitoral municipal de 2004, assumindo o cargo de vice-prefeito em 01.05.2005, substituindo o Prefeito em diversas ocasi\u00f5es, sendo de fato Prefeito, haja vista as constantes aus\u00eancias desmotivadas do ex-gestor Nilo Coelho (PSDB).<\/span><\/h3>\n<h3 style=\"text-align: justify;\"><span style=\"color: #000000;\">Charles foi reeleito vice-prefeito nas elei\u00e7\u00f5es municipais de 2008, assumindo o cargo de prefeito ainda ap\u00f3s a data da elei\u00e7\u00e3o, tomando posse no segundo mandato de vice na data de 01.01.2009. Tendo sucedido definitivamente o ex-prefeito Nilo Coelho, em 01-04-2010.<\/span><\/h3>\n<h3 style=\"text-align: justify;\"><span style=\"color: #000000;\">Os desembargadores do TRE entenderam que s\u00f3 se configura terceiro mandato, se o vice-prefeito assumir nos \u00faltimos seis meses.<\/span><\/h3>\n<h2 style=\"text-align: justify;\"><span style=\"color: #000000;\">JULGAMENTO DE CAPIT\u00c3O AZEVEDO:<\/span><\/h2>\n<h3 style=\"text-align: justify;\"><span style=\"color: #000000;\">Muito provavelmente o Julgamento do processo de Capit\u00e3o Azevedo (DEM), poder\u00e1 ser na pr\u00f3xima semana, ou at\u00e9 nos pr\u00f3ximos 15 dias.<\/span><\/h3>\n","protected":false},"excerpt":{"rendered":"<p>Na ultima quarta-feira o Tribunal Regional Eleitoral (TRE-BA), julgou um processo de um candidato id\u00eantico ao prefeito de Itabuna, Capit\u00e3o Azevedo (DEM). Foi do candidato a vice-prefeito de Campo Formoso, Dr\u00ba Chiquinho(PMDB). O juiz local deferiu seu registro, mas o Minist\u00e9rio P\u00fablico recorreu junto ao TRE, alegando que Chiquinho teve contas rejeitadas pelo Tribunal de [&hellip;]<\/p>\n","protected":false},"author":2,"featured_media":0,"comment_status":"open","ping_status":"open","sticky":false,"template":"","format":"standard","meta":{"footnotes":"","_links_to":"","_links_to_target":""},"categories":[1],"tags":[],"class_list":["post-43781","post","type-post","status-publish","format-standard","hentry","category-geral"],"views":4444,"_links":{"self":[{"href":"https:\/\/www.politicosdosuldabahia.com.br\/v1\/wp-json\/wp\/v2\/posts\/43781"}],"collection":[{"href":"https:\/\/www.politicosdosuldabahia.com.br\/v1\/wp-json\/wp\/v2\/posts"}],"about":[{"href":"https:\/\/www.politicosdosuldabahia.com.br\/v1\/wp-json\/wp\/v2\/types\/post"}],"author":[{"embeddable":true,"href":"https:\/\/www.politicosdosuldabahia.com.br\/v1\/wp-json\/wp\/v2\/users\/2"}],"replies":[{"embeddable":true,"href":"https:\/\/www.politicosdosuldabahia.com.br\/v1\/wp-json\/wp\/v2\/comments?post=43781"}],"version-history":[{"count":6,"href":"https:\/\/www.politicosdosuldabahia.com.br\/v1\/wp-json\/wp\/v2\/posts\/43781\/revisions"}],"predecessor-version":[{"id":43805,"href":"https:\/\/www.politicosdosuldabahia.com.br\/v1\/wp-json\/wp\/v2\/posts\/43781\/revisions\/43805"}],"wp:attachment":[{"href":"https:\/\/www.politicosdosuldabahia.com.br\/v1\/wp-json\/wp\/v2\/media?parent=43781"}],"wp:term":[{"taxonomy":"category","embeddable":true,"href":"https:\/\/www.politicosdosuldabahia.com.br\/v1\/wp-json\/wp\/v2\/categories?post=43781"},{"taxonomy":"post_tag","embeddable":true,"href":"https:\/\/www.politicosdosuldabahia.com.br\/v1\/wp-json\/wp\/v2\/tags?post=43781"}],"curies":[{"name":"wp","href":"https:\/\/api.w.org\/{rel}","templated":true}]}}