
{"id":43728,"date":"2012-08-28T21:42:56","date_gmt":"2012-08-29T00:42:56","guid":{"rendered":"http:\/\/www.politicosdosuldabahia.com.br\/v1\/?p=43728"},"modified":"2012-08-28T21:42:57","modified_gmt":"2012-08-29T00:42:57","slug":"cnj-confirma-fatima-mendonca-e-servidora-fantasma-do-tj","status":"publish","type":"post","link":"https:\/\/www.politicosdosuldabahia.com.br\/v1\/2012\/08\/28\/cnj-confirma-fatima-mendonca-e-servidora-fantasma-do-tj\/","title":{"rendered":"CNJ CONFIRMA: F\u00c1TIMA MENDON\u00c7A \u00c9 SERVIDORA FANTASMA DO TJ"},"content":{"rendered":"<p><a href=\"http:\/\/www.politicosdosuldabahia.com.br\/v1\/2012\/08\/28\/cnj-confirma-fatima-mendonca-e-servidora-fantasma-do-tj\/divulgacao\/\" rel=\"attachment wp-att-43729\"><img loading=\"lazy\" decoding=\"async\" class=\"aligncenter size-medium wp-image-43729\" title=\"divulga\u00e7\u00e3o\" src=\"http:\/\/www.politicosdosuldabahia.com.br\/v1\/wp-content\/uploads\/2012\/08\/divulga\u00e7\u00e3o-300x200.jpg\" alt=\"\" width=\"300\" height=\"200\" srcset=\"https:\/\/www.politicosdosuldabahia.com.br\/v1\/wp-content\/uploads\/2012\/08\/divulga\u00e7\u00e3o-300x200.jpg 300w, https:\/\/www.politicosdosuldabahia.com.br\/v1\/wp-content\/uploads\/2012\/08\/divulga\u00e7\u00e3o.jpg 800w\" sizes=\"(max-width: 300px) 100vw, 300px\" \/><\/a><\/p>\n<h3 style=\"text-align: justify;\"><span style=\"color: #000000;\">Do \u201cBoc\u00e3o News\u201d.<\/span><\/h3>\n<h3 style=\"text-align: justify;\">\n<span style=\"color: #000000;\"> Uma inspe\u00e7\u00e3o do Conselho Nacional de Justi\u00e7a (CNJ) identificou ocorr\u00eancia peculiar na c\u00fapula do Judici\u00e1rio da Bahia. A primeira dama, Maria de F\u00e1tima Carneiro de Mendon\u00e7a, enfermeira de profiss\u00e3o, mulher do governador baiano, Jaques Wagner (PT), tornou-se servidora efetiva do Tribunal de Justi\u00e7a sem fazer concurso p\u00fablico.<\/span><\/h3>\n<h3 style=\"text-align: justify;\"><span style=\"color: #000000;\">De acordo com informa\u00e7\u00f5es do Tribunal de Justi\u00e7a da Bahia, a primeira dama recebe sal\u00e1rio de R$ 13.619. Ainda segundo o CNJ, F\u00e1tima seria servidora fantasma. \u201cA mulher do governador \u00e9 do Tribunal de Justi\u00e7a, est\u00e1 efetivada l\u00e1 e ela nunca foi l\u00e1\u201d, aponta a corregedora Nacional de Justi\u00e7a, Eliana Calmon.<\/span><\/h3>\n<h3 style=\"text-align: justify;\"><span style=\"color: #000000;\">A ministra afirmou que situa\u00e7\u00f5es como essa evidenciam \u201ca exist\u00eancia de conluio\u201d entre o Executivo, o Judici\u00e1rio e o Minist\u00e9rio P\u00fablico da Bahia. A corregedoria identificou o caso durante inspe\u00e7\u00e3o no TJ-BA, realizada em julho.<\/span><\/h3>\n<h3 style=\"text-align: justify;\"><span style=\"color: #000000;\">Ao examinar o processo 13.690\/2012, o CNJ deparou com \u201ceventual acumula\u00e7\u00e3o irregular de cargos p\u00fablicos\u201d citando Maria de F\u00e1tima como ocupante de dois cargos distintos, um no Executivo, como analista, e outro no Judici\u00e1rio, como assessora de supervis\u00e3o geral.<\/span><\/h3>\n<h3 style=\"text-align: justify;\"><span style=\"color: #000000;\">Em 5 de fevereiro de 2004, a mulher do governador assumiu cargo comissionado e atualmente est\u00e1 lotada na Coordena\u00e7\u00e3o de Assist\u00eancia M\u00e9dica. As assessorias do governador Jaques Wagner e do Tribunal de Justi\u00e7a do Estado da Bahia negaram irregularidades na contrata\u00e7\u00e3o da primeira-dama do Estado, F\u00e1tima Mendon\u00e7a. Informa\u00e7\u00f5es Teia de Not\u00edcias.<\/span><\/h3>\n","protected":false},"excerpt":{"rendered":"<p>Do \u201cBoc\u00e3o News\u201d. Uma inspe\u00e7\u00e3o do Conselho Nacional de Justi\u00e7a (CNJ) identificou ocorr\u00eancia peculiar na c\u00fapula do Judici\u00e1rio da Bahia. A primeira dama, Maria de F\u00e1tima Carneiro de Mendon\u00e7a, enfermeira de profiss\u00e3o, mulher do governador baiano, Jaques Wagner (PT), tornou-se servidora efetiva do Tribunal de Justi\u00e7a sem fazer concurso p\u00fablico. De acordo com informa\u00e7\u00f5es do [&hellip;]<\/p>\n","protected":false},"author":2,"featured_media":0,"comment_status":"open","ping_status":"open","sticky":false,"template":"","format":"standard","meta":{"footnotes":"","_links_to":"","_links_to_target":""},"categories":[1],"tags":[],"class_list":["post-43728","post","type-post","status-publish","format-standard","hentry","category-geral"],"views":3027,"_links":{"self":[{"href":"https:\/\/www.politicosdosuldabahia.com.br\/v1\/wp-json\/wp\/v2\/posts\/43728"}],"collection":[{"href":"https:\/\/www.politicosdosuldabahia.com.br\/v1\/wp-json\/wp\/v2\/posts"}],"about":[{"href":"https:\/\/www.politicosdosuldabahia.com.br\/v1\/wp-json\/wp\/v2\/types\/post"}],"author":[{"embeddable":true,"href":"https:\/\/www.politicosdosuldabahia.com.br\/v1\/wp-json\/wp\/v2\/users\/2"}],"replies":[{"embeddable":true,"href":"https:\/\/www.politicosdosuldabahia.com.br\/v1\/wp-json\/wp\/v2\/comments?post=43728"}],"version-history":[{"count":4,"href":"https:\/\/www.politicosdosuldabahia.com.br\/v1\/wp-json\/wp\/v2\/posts\/43728\/revisions"}],"predecessor-version":[{"id":43733,"href":"https:\/\/www.politicosdosuldabahia.com.br\/v1\/wp-json\/wp\/v2\/posts\/43728\/revisions\/43733"}],"wp:attachment":[{"href":"https:\/\/www.politicosdosuldabahia.com.br\/v1\/wp-json\/wp\/v2\/media?parent=43728"}],"wp:term":[{"taxonomy":"category","embeddable":true,"href":"https:\/\/www.politicosdosuldabahia.com.br\/v1\/wp-json\/wp\/v2\/categories?post=43728"},{"taxonomy":"post_tag","embeddable":true,"href":"https:\/\/www.politicosdosuldabahia.com.br\/v1\/wp-json\/wp\/v2\/tags?post=43728"}],"curies":[{"name":"wp","href":"https:\/\/api.w.org\/{rel}","templated":true}]}}