
{"id":43674,"date":"2012-08-28T00:38:34","date_gmt":"2012-08-28T03:38:34","guid":{"rendered":"http:\/\/www.politicosdosuldabahia.com.br\/v1\/?p=43674"},"modified":"2012-08-28T00:38:36","modified_gmt":"2012-08-28T03:38:36","slug":"falta-de-dinheiro-nas-campanhas","status":"publish","type":"post","link":"https:\/\/www.politicosdosuldabahia.com.br\/v1\/2012\/08\/28\/falta-de-dinheiro-nas-campanhas\/","title":{"rendered":"FALTA DE DINHEIRO NAS CAMPANHAS"},"content":{"rendered":"<p style=\"text-align: center;\"><a href=\"http:\/\/www.politicosdosuldabahia.com.br\/v1\/2012\/08\/28\/falta-de-dinheiro-nas-campanhas\/caixa-dois-mala\/\" rel=\"attachment wp-att-43675\"><img loading=\"lazy\" decoding=\"async\" class=\"aligncenter  wp-image-43675\" title=\"Caixa-dois-mala\" src=\"http:\/\/www.politicosdosuldabahia.com.br\/v1\/wp-content\/uploads\/2012\/08\/Caixa-dois-mala.jpg\" alt=\"\" width=\"350\" height=\"263\" srcset=\"https:\/\/www.politicosdosuldabahia.com.br\/v1\/wp-content\/uploads\/2012\/08\/Caixa-dois-mala.jpg 500w, https:\/\/www.politicosdosuldabahia.com.br\/v1\/wp-content\/uploads\/2012\/08\/Caixa-dois-mala-300x225.jpg 300w\" sizes=\"(max-width: 350px) 100vw, 350px\" \/><\/a><\/p>\n<h3 style=\"text-align: justify;\"><span style=\"color: #000000;\">A elei\u00e7\u00e3o de 2012 est\u00e1 sendo marcada pela falta de recursos financeiros, a queixa \u00e9 geral entre os candidatos. E n\u00e3o \u00e9 apenas no interior do estado, um deputado federal informou a este blogueiro, que no congresso os deputados do PMDB j\u00e1 est\u00e3o falando no financiamento p\u00fablico de campanha.<\/span><\/h3>\n<h3 style=\"text-align: justify;\"><span style=\"color: #000000;\">Vale lembrar que os pmdbistas sempre se posicionaram contra o financiamento p\u00fablico, mas em fun\u00e7\u00e3o da falta de recursos desta campanha, est\u00e3o mudando de id\u00e9ia.<\/span><\/h3>\n<h3 style=\"text-align: justify;\"><span style=\"color: #000000;\">J\u00e1 em Itabuna as gr\u00e1ficas est\u00e3o sentindo na pele a falta de recursos, como sempre acontecia neste per\u00edodo, pessoas eram contratadas pelo setor por conta do aumento da demanda, mas em 2012, apenas uma gr\u00e1fica de Itabuna contratou dois funcion\u00e1rios.<\/span><\/h3>\n<h3 style=\"text-align: justify;\"><span style=\"color: #000000;\">As outras n\u00e3o contrataram, j\u00e1 que a procura pelo servi\u00e7o n\u00e3o cresceu dentro do esperado. O efeito do \u201cCachoeira\u201d est\u00e1 causando a crise no financiamento de campanhas por empres\u00e1rios.<\/span><\/h3>\n","protected":false},"excerpt":{"rendered":"<p>A elei\u00e7\u00e3o de 2012 est\u00e1 sendo marcada pela falta de recursos financeiros, a queixa \u00e9 geral entre os candidatos. E n\u00e3o \u00e9 apenas no interior do estado, um deputado federal informou a este blogueiro, que no congresso os deputados do PMDB j\u00e1 est\u00e3o falando no financiamento p\u00fablico de campanha. Vale lembrar que os pmdbistas sempre [&hellip;]<\/p>\n","protected":false},"author":2,"featured_media":0,"comment_status":"open","ping_status":"open","sticky":false,"template":"","format":"standard","meta":{"footnotes":"","_links_to":"","_links_to_target":""},"categories":[1],"tags":[],"class_list":["post-43674","post","type-post","status-publish","format-standard","hentry","category-geral"],"views":1675,"_links":{"self":[{"href":"https:\/\/www.politicosdosuldabahia.com.br\/v1\/wp-json\/wp\/v2\/posts\/43674"}],"collection":[{"href":"https:\/\/www.politicosdosuldabahia.com.br\/v1\/wp-json\/wp\/v2\/posts"}],"about":[{"href":"https:\/\/www.politicosdosuldabahia.com.br\/v1\/wp-json\/wp\/v2\/types\/post"}],"author":[{"embeddable":true,"href":"https:\/\/www.politicosdosuldabahia.com.br\/v1\/wp-json\/wp\/v2\/users\/2"}],"replies":[{"embeddable":true,"href":"https:\/\/www.politicosdosuldabahia.com.br\/v1\/wp-json\/wp\/v2\/comments?post=43674"}],"version-history":[{"count":3,"href":"https:\/\/www.politicosdosuldabahia.com.br\/v1\/wp-json\/wp\/v2\/posts\/43674\/revisions"}],"predecessor-version":[{"id":43678,"href":"https:\/\/www.politicosdosuldabahia.com.br\/v1\/wp-json\/wp\/v2\/posts\/43674\/revisions\/43678"}],"wp:attachment":[{"href":"https:\/\/www.politicosdosuldabahia.com.br\/v1\/wp-json\/wp\/v2\/media?parent=43674"}],"wp:term":[{"taxonomy":"category","embeddable":true,"href":"https:\/\/www.politicosdosuldabahia.com.br\/v1\/wp-json\/wp\/v2\/categories?post=43674"},{"taxonomy":"post_tag","embeddable":true,"href":"https:\/\/www.politicosdosuldabahia.com.br\/v1\/wp-json\/wp\/v2\/tags?post=43674"}],"curies":[{"name":"wp","href":"https:\/\/api.w.org\/{rel}","templated":true}]}}