
{"id":43651,"date":"2012-08-27T19:47:56","date_gmt":"2012-08-27T22:47:56","guid":{"rendered":"http:\/\/www.politicosdosuldabahia.com.br\/v1\/?p=43651"},"modified":"2012-08-27T19:47:57","modified_gmt":"2012-08-27T22:47:57","slug":"itabuna-fabio-lima-deixa-coligacao-de-jucara","status":"publish","type":"post","link":"https:\/\/www.politicosdosuldabahia.com.br\/v1\/2012\/08\/27\/itabuna-fabio-lima-deixa-coligacao-de-jucara\/","title":{"rendered":"ITABUNA: F\u00c1BIO LIMA DEIXA COLIGA\u00c7\u00c3O DE JU\u00c7ARA"},"content":{"rendered":"<p style=\"text-align: center;\"><a href=\"http:\/\/www.politicosdosuldabahia.com.br\/v1\/2012\/08\/27\/itabuna-fabio-lima-deixa-coligacao-de-jucara\/attachment\/1344858295\/\" rel=\"attachment wp-att-43652\"><img loading=\"lazy\" decoding=\"async\" class=\"aligncenter  wp-image-43652\" title=\"1344858295\" src=\"http:\/\/www.politicosdosuldabahia.com.br\/v1\/wp-content\/uploads\/2012\/08\/1344858295.jpg\" alt=\"\" width=\"424\" height=\"318\" srcset=\"https:\/\/www.politicosdosuldabahia.com.br\/v1\/wp-content\/uploads\/2012\/08\/1344858295.jpg 530w, https:\/\/www.politicosdosuldabahia.com.br\/v1\/wp-content\/uploads\/2012\/08\/1344858295-300x224.jpg 300w\" sizes=\"(max-width: 424px) 100vw, 424px\" \/><\/a><\/p>\n<h3 style=\"text-align: justify;\"><span style=\"color: #000000;\">Na tarde desta segunda-feira o presidente do PHS de Itabuna, F\u00e1bio Lima, protocolou na 27\u00aa Zona Eleitoral, um documento requerendo a exclus\u00e3o do PHS do programa eleitoral da coliga\u00e7\u00e3o \u201cItabuna em Primeiro Lugar\u201d, que tem como candidata a prefeita Ju\u00e7ara Feitosa (PT).<\/span><\/h3>\n<h3 style=\"text-align: justify;\"><span style=\"color: #000000;\">F\u00e1bio Lima pediu que o Juiz eleitoral retirasse 40 segundos do tempo de propaganda eleitoral de Ju\u00e7ara. Ele alega que o tempo \u00e9 do partido, e como ele \u00e9 o \u00fanico candidato a vereador do partido, o tempo tem que ser utilizado por ele de forma independente.<\/span>O mesmo espera que o juiz defira o seu pedido.<\/h3>\n<h3 style=\"text-align: justify;\"><span style=\"color: #000000;\">O certo \u00e9 que o clima entre F\u00e1bio Lima e o PT de Itabuna n\u00e3o anda nada bom, o mesmo que come\u00e7ou como todo vapor a pr\u00e9-campanha junto com o PT, acabou se afastando, segundo informa\u00e7\u00f5es, o motivo foi a quebra de acordo por parte do \u201cQG\u201d da coordena\u00e7\u00e3o de campanha.<\/span><\/h3>\n","protected":false},"excerpt":{"rendered":"<p>Na tarde desta segunda-feira o presidente do PHS de Itabuna, F\u00e1bio Lima, protocolou na 27\u00aa Zona Eleitoral, um documento requerendo a exclus\u00e3o do PHS do programa eleitoral da coliga\u00e7\u00e3o \u201cItabuna em Primeiro Lugar\u201d, que tem como candidata a prefeita Ju\u00e7ara Feitosa (PT). F\u00e1bio Lima pediu que o Juiz eleitoral retirasse 40 segundos do tempo de [&hellip;]<\/p>\n","protected":false},"author":2,"featured_media":0,"comment_status":"open","ping_status":"open","sticky":false,"template":"","format":"standard","meta":{"footnotes":"","_links_to":"","_links_to_target":""},"categories":[1],"tags":[],"class_list":["post-43651","post","type-post","status-publish","format-standard","hentry","category-geral"],"views":2991,"_links":{"self":[{"href":"https:\/\/www.politicosdosuldabahia.com.br\/v1\/wp-json\/wp\/v2\/posts\/43651"}],"collection":[{"href":"https:\/\/www.politicosdosuldabahia.com.br\/v1\/wp-json\/wp\/v2\/posts"}],"about":[{"href":"https:\/\/www.politicosdosuldabahia.com.br\/v1\/wp-json\/wp\/v2\/types\/post"}],"author":[{"embeddable":true,"href":"https:\/\/www.politicosdosuldabahia.com.br\/v1\/wp-json\/wp\/v2\/users\/2"}],"replies":[{"embeddable":true,"href":"https:\/\/www.politicosdosuldabahia.com.br\/v1\/wp-json\/wp\/v2\/comments?post=43651"}],"version-history":[{"count":4,"href":"https:\/\/www.politicosdosuldabahia.com.br\/v1\/wp-json\/wp\/v2\/posts\/43651\/revisions"}],"predecessor-version":[{"id":43656,"href":"https:\/\/www.politicosdosuldabahia.com.br\/v1\/wp-json\/wp\/v2\/posts\/43651\/revisions\/43656"}],"wp:attachment":[{"href":"https:\/\/www.politicosdosuldabahia.com.br\/v1\/wp-json\/wp\/v2\/media?parent=43651"}],"wp:term":[{"taxonomy":"category","embeddable":true,"href":"https:\/\/www.politicosdosuldabahia.com.br\/v1\/wp-json\/wp\/v2\/categories?post=43651"},{"taxonomy":"post_tag","embeddable":true,"href":"https:\/\/www.politicosdosuldabahia.com.br\/v1\/wp-json\/wp\/v2\/tags?post=43651"}],"curies":[{"name":"wp","href":"https:\/\/api.w.org\/{rel}","templated":true}]}}