
{"id":43361,"date":"2012-08-22T07:29:06","date_gmt":"2012-08-22T10:29:06","guid":{"rendered":"http:\/\/www.politicosdosuldabahia.com.br\/v1\/?p=43361"},"modified":"2012-08-22T00:29:24","modified_gmt":"2012-08-22T03:29:24","slug":"itabuna-prefeitura-inicia-obras-no-acesso-para-o-mercadao","status":"publish","type":"post","link":"https:\/\/www.politicosdosuldabahia.com.br\/v1\/2012\/08\/22\/itabuna-prefeitura-inicia-obras-no-acesso-para-o-mercadao\/","title":{"rendered":"ITABUNA: PREFEITURA INICIA OBRAS NO ACESSO PARA O MERCAD\u00c3O"},"content":{"rendered":"<p style=\"text-align: center;\"><a href=\"http:\/\/www.politicosdosuldabahia.com.br\/v1\/?attachment_id=43362\" rel=\"attachment wp-att-43362\"><img loading=\"lazy\" decoding=\"async\" class=\"aligncenter  wp-image-43362\" title=\"2218-3\" src=\"http:\/\/www.politicosdosuldabahia.com.br\/v1\/wp-content\/uploads\/2012\/08\/2218-3.jpg\" alt=\"\" width=\"448\" height=\"298\" srcset=\"https:\/\/www.politicosdosuldabahia.com.br\/v1\/wp-content\/uploads\/2012\/08\/2218-3.jpg 640w, https:\/\/www.politicosdosuldabahia.com.br\/v1\/wp-content\/uploads\/2012\/08\/2218-3-300x199.jpg 300w\" sizes=\"(max-width: 448px) 100vw, 448px\" \/><\/a><\/p>\n<h3 style=\"text-align: justify;\"><span style=\"color: #000000;\">Como parte das a\u00e7\u00f5es voltadas para a melhoria da mobilidade urbana, a Prefeitura de Itabuna iniciou, atrav\u00e9s da Secretaria de Desenvolvimento Urbano e da Emasa, a abertura do acesso interligando a avenida Manoel Chaves \u00e0 rua Floresta, no bairro S\u00e3o Caetano. A obra vai facilitar o acesso de pessoas e ve\u00edculos ao Mercad\u00e3o Itabuna, nas antigas instala\u00e7\u00f5es de uma f\u00e1brica de cal\u00e7ados desativada, para onde ser\u00e1 transferida a feira livre do bairro.<\/span><\/h3>\n<h3 style=\"text-align: justify;\"><span style=\"color: #000000;\">As obras foram iniciadas com a macrodrenagem e a regulariza\u00e7\u00e3o do c\u00f3rrego pr\u00f3ximo \u00e0 avenida Manoel Chaves, com a utiliza\u00e7\u00e3o de uma escavadeira hidr\u00e1ulica, caminh\u00f5es ca\u00e7amba e mobiliza\u00e7\u00e3o de uma equipe da Emasa.<\/span><\/h3>\n<h3 style=\"text-align: justify;\"><span style=\"color: #000000;\">A segunda fase, executada pela Sedur, envolve a terraplanagem da pista e dever\u00e1 estar conclu\u00edda num prazo de 15 dias, com a mobiliza\u00e7\u00e3o de equipamentos pesados da patrulha mec\u00e2nica da Prefeitura.<\/span><\/h3>\n<h3 style=\"text-align: justify;\"><span style=\"color: #000000;\">O projeto executivo da obra inclui ainda a implanta\u00e7\u00e3o de passeios, pavimenta\u00e7\u00e3o asf\u00e1ltica e urbaniza\u00e7\u00e3o, o que a inclui ilumina\u00e7\u00e3o p\u00fablica do Mercad\u00e3o, espa\u00e7o que ir\u00e1 abrigar mais de 400 comerciantes.<\/span><\/h3>\n","protected":false},"excerpt":{"rendered":"<p>Como parte das a\u00e7\u00f5es voltadas para a melhoria da mobilidade urbana, a Prefeitura de Itabuna iniciou, atrav\u00e9s da Secretaria de Desenvolvimento Urbano e da Emasa, a abertura do acesso interligando a avenida Manoel Chaves \u00e0 rua Floresta, no bairro S\u00e3o Caetano. A obra vai facilitar o acesso de pessoas e ve\u00edculos ao Mercad\u00e3o Itabuna, nas [&hellip;]<\/p>\n","protected":false},"author":2,"featured_media":0,"comment_status":"open","ping_status":"open","sticky":false,"template":"","format":"standard","meta":{"footnotes":"","_links_to":"","_links_to_target":""},"categories":[1],"tags":[],"class_list":["post-43361","post","type-post","status-publish","format-standard","hentry","category-geral"],"views":2524,"_links":{"self":[{"href":"https:\/\/www.politicosdosuldabahia.com.br\/v1\/wp-json\/wp\/v2\/posts\/43361"}],"collection":[{"href":"https:\/\/www.politicosdosuldabahia.com.br\/v1\/wp-json\/wp\/v2\/posts"}],"about":[{"href":"https:\/\/www.politicosdosuldabahia.com.br\/v1\/wp-json\/wp\/v2\/types\/post"}],"author":[{"embeddable":true,"href":"https:\/\/www.politicosdosuldabahia.com.br\/v1\/wp-json\/wp\/v2\/users\/2"}],"replies":[{"embeddable":true,"href":"https:\/\/www.politicosdosuldabahia.com.br\/v1\/wp-json\/wp\/v2\/comments?post=43361"}],"version-history":[{"count":2,"href":"https:\/\/www.politicosdosuldabahia.com.br\/v1\/wp-json\/wp\/v2\/posts\/43361\/revisions"}],"predecessor-version":[{"id":43364,"href":"https:\/\/www.politicosdosuldabahia.com.br\/v1\/wp-json\/wp\/v2\/posts\/43361\/revisions\/43364"}],"wp:attachment":[{"href":"https:\/\/www.politicosdosuldabahia.com.br\/v1\/wp-json\/wp\/v2\/media?parent=43361"}],"wp:term":[{"taxonomy":"category","embeddable":true,"href":"https:\/\/www.politicosdosuldabahia.com.br\/v1\/wp-json\/wp\/v2\/categories?post=43361"},{"taxonomy":"post_tag","embeddable":true,"href":"https:\/\/www.politicosdosuldabahia.com.br\/v1\/wp-json\/wp\/v2\/tags?post=43361"}],"curies":[{"name":"wp","href":"https:\/\/api.w.org\/{rel}","templated":true}]}}