
{"id":43233,"date":"2012-08-19T15:32:30","date_gmt":"2012-08-19T18:32:30","guid":{"rendered":"http:\/\/www.politicosdosuldabahia.com.br\/v1\/?p=43233"},"modified":"2012-08-19T12:36:05","modified_gmt":"2012-08-19T15:36:05","slug":"itabuna-vane-teve-semana-repleta-de-eventos-e-apoios-a-campanha","status":"publish","type":"post","link":"https:\/\/www.politicosdosuldabahia.com.br\/v1\/2012\/08\/19\/itabuna-vane-teve-semana-repleta-de-eventos-e-apoios-a-campanha\/","title":{"rendered":"ITABUNA: VANE TEVE SEMANA REPLETA DE EVENTOS E APOIOS \u00c0 CAMPANHA"},"content":{"rendered":"<p><a href=\"http:\/\/www.politicosdosuldabahia.com.br\/v1\/?attachment_id=43234\" rel=\"attachment wp-att-43234\"><img loading=\"lazy\" decoding=\"async\" class=\"aligncenter size-medium wp-image-43234\" title=\"Vane recebido por Dom Ceslau Stanul, foto Thiago Pereira\" src=\"http:\/\/www.politicosdosuldabahia.com.br\/v1\/wp-content\/uploads\/2012\/08\/Vane-recebido-por-Dom-Ceslau-Stanul-foto-Thiago-Pereira-300x199.jpg\" alt=\"\" width=\"300\" height=\"199\" srcset=\"https:\/\/www.politicosdosuldabahia.com.br\/v1\/wp-content\/uploads\/2012\/08\/Vane-recebido-por-Dom-Ceslau-Stanul-foto-Thiago-Pereira-300x199.jpg 300w, https:\/\/www.politicosdosuldabahia.com.br\/v1\/wp-content\/uploads\/2012\/08\/Vane-recebido-por-Dom-Ceslau-Stanul-foto-Thiago-Pereira.jpg 800w\" sizes=\"(max-width: 300px) 100vw, 300px\" \/><\/a><\/p>\n<h3 style=\"text-align: justify;\"><span style=\"color: #000000;\">A coordena\u00e7\u00e3o da coliga\u00e7\u00e3o Na Frente Para Itabuna Mudar, do candidato Vane, est\u00e1 comemorando o que considera ter sido uma das semanas mais produtivas da campanha. No meio da semana Vane recebeu o apoio da empres\u00e1ria Leninha Duarte, que foi pr\u00e9-candidata a prefeita pelo PMDB. Leninha disse que sempre acreditou em Vane e sabe que ele \u00e9 capaz de fazer um governo diferente, de respeito \u00e0 pessoas e \u00e0 cidade.<\/span><\/h3>\n<h3 style=\"text-align: justify;\"><span style=\"color: #000000;\">O ato em que Leninha oficializou o apoio foi na quinta-feira, 16, no comit\u00ea do Banco Raso, e teve a participa\u00e7\u00e3o do padre Edvaldo Borges Marques, uma das lideran\u00e7as mais respeitadas da Igreja Cat\u00f3lica em Itabuna. O padre Edvaldo afirmou que Vane \u00e9 a novidade e \u00e9 de confian\u00e7a. \u201cA cidade clama sempre por isso e tenta buscar uma novidade. Vane \u00e9 quem pode fazer a mudan\u00e7a que Itabuna busca h\u00e1 muito tempo\u201d.<\/span><\/h3>\n<h3 style=\"text-align: justify;\"><span style=\"color: #000000;\">Na sexta, 17, Vane teve reuni\u00e3o com o Bispo Diocesano Dom Ceslau Stanula, a quem apresentou o documento denominado \u201cDez Pontos Para a Mudan\u00e7a\u201d, com as principais propostas do candidato, entre as quais o programa Cidade de Paz, que inclui pol\u00edticas p\u00fablicas voltadas \u00e0 preven\u00e7\u00e3o da viol\u00eancia e \u00e0 criminalidade. Dom Ceslau disse que \u201ceste momento que estamos vivendo \u00e9 insustent\u00e1vel. A situa\u00e7\u00e3o da viol\u00eancia e da morte, especialmente entre a juventude \u00e9 desumana\u201d. E destacou que Vane apresentou n\u00e3o apenas a sua proposta para a \u00e1rea de seguran\u00e7a, \u201cmas tamb\u00e9m da sa\u00fade, o que acho importante\u201d.<\/span><\/h3>\n<h3 style=\"text-align: justify;\"><span style=\"color: #000000;\">Na noite do mesmo dia Vane foi recebido por empres\u00e1rios, militantes e admiradores em um jantar de ades\u00e3o no restaurante Los Pampas. J\u00e1 neste s\u00e1bado, 18, dezenas de pastores e lideres evang\u00e9licos manifestaram seu apoio em um ato realizado no Grapiuna T\u00eanis Clube que contou com a presen\u00e7a de cerca de 400 pessoas.<\/span><\/h3>\n","protected":false},"excerpt":{"rendered":"<p>A coordena\u00e7\u00e3o da coliga\u00e7\u00e3o Na Frente Para Itabuna Mudar, do candidato Vane, est\u00e1 comemorando o que considera ter sido uma das semanas mais produtivas da campanha. No meio da semana Vane recebeu o apoio da empres\u00e1ria Leninha Duarte, que foi pr\u00e9-candidata a prefeita pelo PMDB. Leninha disse que sempre acreditou em Vane e sabe que [&hellip;]<\/p>\n","protected":false},"author":2,"featured_media":0,"comment_status":"open","ping_status":"open","sticky":false,"template":"","format":"standard","meta":{"footnotes":"","_links_to":"","_links_to_target":""},"categories":[1],"tags":[],"class_list":["post-43233","post","type-post","status-publish","format-standard","hentry","category-geral"],"views":2081,"_links":{"self":[{"href":"https:\/\/www.politicosdosuldabahia.com.br\/v1\/wp-json\/wp\/v2\/posts\/43233"}],"collection":[{"href":"https:\/\/www.politicosdosuldabahia.com.br\/v1\/wp-json\/wp\/v2\/posts"}],"about":[{"href":"https:\/\/www.politicosdosuldabahia.com.br\/v1\/wp-json\/wp\/v2\/types\/post"}],"author":[{"embeddable":true,"href":"https:\/\/www.politicosdosuldabahia.com.br\/v1\/wp-json\/wp\/v2\/users\/2"}],"replies":[{"embeddable":true,"href":"https:\/\/www.politicosdosuldabahia.com.br\/v1\/wp-json\/wp\/v2\/comments?post=43233"}],"version-history":[{"count":2,"href":"https:\/\/www.politicosdosuldabahia.com.br\/v1\/wp-json\/wp\/v2\/posts\/43233\/revisions"}],"predecessor-version":[{"id":43236,"href":"https:\/\/www.politicosdosuldabahia.com.br\/v1\/wp-json\/wp\/v2\/posts\/43233\/revisions\/43236"}],"wp:attachment":[{"href":"https:\/\/www.politicosdosuldabahia.com.br\/v1\/wp-json\/wp\/v2\/media?parent=43233"}],"wp:term":[{"taxonomy":"category","embeddable":true,"href":"https:\/\/www.politicosdosuldabahia.com.br\/v1\/wp-json\/wp\/v2\/categories?post=43233"},{"taxonomy":"post_tag","embeddable":true,"href":"https:\/\/www.politicosdosuldabahia.com.br\/v1\/wp-json\/wp\/v2\/tags?post=43233"}],"curies":[{"name":"wp","href":"https:\/\/api.w.org\/{rel}","templated":true}]}}