
{"id":42744,"date":"2012-08-09T01:26:37","date_gmt":"2012-08-09T04:26:37","guid":{"rendered":"http:\/\/www.politicosdosuldabahia.com.br\/v1\/?p=42744"},"modified":"2012-08-09T01:26:40","modified_gmt":"2012-08-09T04:26:40","slug":"itabuna-prefeitura-respeitou-a-clausula-de-reversao-da-doacao","status":"publish","type":"post","link":"https:\/\/www.politicosdosuldabahia.com.br\/v1\/2012\/08\/09\/itabuna-prefeitura-respeitou-a-clausula-de-reversao-da-doacao\/","title":{"rendered":"ITABUNA: PREFEITURA RESPEITOU A CL\u00c1USULA DE REVERS\u00c3O DA DOA\u00c7\u00c3O"},"content":{"rendered":"<p style=\"text-align: center;\"><a href=\"http:\/\/www.politicosdosuldabahia.com.br\/v1\/2012\/08\/09\/itabuna-prefeitura-respeitou-a-clausula-de-reversao-da-doacao\/elefante-branco-centro-de-convencoes-de-itabuna\/\" rel=\"attachment wp-att-42745\"><img loading=\"lazy\" decoding=\"async\" class=\"aligncenter  wp-image-42745\" title=\"elefante branco centro de conven\u00e7\u00f5es de itabuna\" src=\"http:\/\/www.politicosdosuldabahia.com.br\/v1\/wp-content\/uploads\/2012\/08\/elefante-branco-centro-de-conven\u00e7\u00f5es-de-itabuna.jpg\" alt=\"\" width=\"405\" height=\"246\" srcset=\"https:\/\/www.politicosdosuldabahia.com.br\/v1\/wp-content\/uploads\/2012\/08\/elefante-branco-centro-de-conven\u00e7\u00f5es-de-itabuna.jpg 506w, https:\/\/www.politicosdosuldabahia.com.br\/v1\/wp-content\/uploads\/2012\/08\/elefante-branco-centro-de-conven\u00e7\u00f5es-de-itabuna-300x182.jpg 300w\" sizes=\"(max-width: 405px) 100vw, 405px\" \/><\/a><\/p>\n<h3 style=\"text-align: center;\"><span style=\"color: #0000ff;\">Centro de Conven\u00e7\u00f5es se transformou em \u201celefante branco\u201d.<\/span><\/h3>\n<h3 style=\"text-align: justify;\"><span style=\"color: #000000;\">Na \u00faltima ter\u00e7a-feira o promotor de justi\u00e7a Inoc\u00eancio Carvalho, esteve na prefeitura de Itabuna cumprindo o mandado de busca e apreens\u00e3o dos decretos e demais atos administrativos assinados pelo prefeito Capit\u00e3o Azevedo (DEM).<\/span><\/h3>\n<h3 style=\"text-align: justify;\"><span style=\"color: #000000;\">A prefeitura deixou de publicar seus atos no Di\u00e1rio Oficial impresso ou online. Isso levou o promotor solicitar da justi\u00e7a a autoriza\u00e7\u00e3o.<\/span><\/h3>\n<h3 style=\"text-align: justify;\">\n<span style=\"color: #000000;\"> Mas em fun\u00e7\u00e3o do per\u00edodo eleitoral, foi divulgado que existe uma suspeita de irregularidade envolvendo um decreto assinado pelo prefeito, que devolveria para o ex-prefeito Fernando Gomes, o terreno onde seria constru\u00eddo o centro de conven\u00e7\u00f5es.<\/span><\/h3>\n<h3 style=\"text-align: justify;\"><span style=\"color: #000000;\">Vale lembrar que Fernando Gomes doou em 2005 para o estado uma \u00e1rea de sua propriedade(26 mil metros quadrados ), com a finalidade da constru\u00e7\u00e3o do centro de conven\u00e7\u00f5es. Sendo que a obra deveria ser conclu\u00edda no prazo de dois anos, sob pena de revers\u00e3o da doa\u00e7\u00e3o.<\/span><\/h3>\n<h3 style=\"text-align: justify;\"><span style=\"color: #000000;\">Entretanto, desde o final de 2006 que o estado paralisou a constru\u00e7\u00e3o, e o prazo venceu em 2007.<\/span><\/h3>\n<h3 style=\"text-align: justify;\"><span style=\"color: #000000;\">Em fun\u00e7\u00e3o disso em 2012, Fernando Gomes mandou um documento para a prefeitura e o estado, dando o prazo de mais seis meses para a conclus\u00e3o da obra, como o novo prazo n\u00e3o foi respeitado, ele cobrou a revers\u00e3o da doa\u00e7\u00e3o.<\/span><\/h3>\n<h3 style=\"text-align: justify;\"><span style=\"color: #000000;\">Em contato com um advogado de Fernando Gomes, ele informou que o processo \u00e9 todo legal, em fun\u00e7\u00e3o da Cl\u00e1usula de revers\u00e3o da doa\u00e7\u00e3o, caso n\u00e3o se conclua a finalidade durante o tempo determinado.<\/span><\/h3>\n<h3 style=\"text-align: justify;\"><span style=\"color: #000000;\">Como o prazo n\u00e3o foi respeitado, e o estado n\u00e3o manifestou interesse na conclus\u00e3o da obra, pela lei o munic\u00edpio foi obrigado a devolver o terreno para o doador, respeitando a Cl\u00e1usula de revers\u00e3o da doa\u00e7\u00e3o.<\/span><\/h3>\n","protected":false},"excerpt":{"rendered":"<p>Centro de Conven\u00e7\u00f5es se transformou em \u201celefante branco\u201d. Na \u00faltima ter\u00e7a-feira o promotor de justi\u00e7a Inoc\u00eancio Carvalho, esteve na prefeitura de Itabuna cumprindo o mandado de busca e apreens\u00e3o dos decretos e demais atos administrativos assinados pelo prefeito Capit\u00e3o Azevedo (DEM). A prefeitura deixou de publicar seus atos no Di\u00e1rio Oficial impresso ou online. Isso [&hellip;]<\/p>\n","protected":false},"author":2,"featured_media":0,"comment_status":"open","ping_status":"open","sticky":false,"template":"","format":"standard","meta":{"footnotes":"","_links_to":"","_links_to_target":""},"categories":[1],"tags":[],"class_list":["post-42744","post","type-post","status-publish","format-standard","hentry","category-geral"],"views":2197,"_links":{"self":[{"href":"https:\/\/www.politicosdosuldabahia.com.br\/v1\/wp-json\/wp\/v2\/posts\/42744"}],"collection":[{"href":"https:\/\/www.politicosdosuldabahia.com.br\/v1\/wp-json\/wp\/v2\/posts"}],"about":[{"href":"https:\/\/www.politicosdosuldabahia.com.br\/v1\/wp-json\/wp\/v2\/types\/post"}],"author":[{"embeddable":true,"href":"https:\/\/www.politicosdosuldabahia.com.br\/v1\/wp-json\/wp\/v2\/users\/2"}],"replies":[{"embeddable":true,"href":"https:\/\/www.politicosdosuldabahia.com.br\/v1\/wp-json\/wp\/v2\/comments?post=42744"}],"version-history":[{"count":3,"href":"https:\/\/www.politicosdosuldabahia.com.br\/v1\/wp-json\/wp\/v2\/posts\/42744\/revisions"}],"predecessor-version":[{"id":42748,"href":"https:\/\/www.politicosdosuldabahia.com.br\/v1\/wp-json\/wp\/v2\/posts\/42744\/revisions\/42748"}],"wp:attachment":[{"href":"https:\/\/www.politicosdosuldabahia.com.br\/v1\/wp-json\/wp\/v2\/media?parent=42744"}],"wp:term":[{"taxonomy":"category","embeddable":true,"href":"https:\/\/www.politicosdosuldabahia.com.br\/v1\/wp-json\/wp\/v2\/categories?post=42744"},{"taxonomy":"post_tag","embeddable":true,"href":"https:\/\/www.politicosdosuldabahia.com.br\/v1\/wp-json\/wp\/v2\/tags?post=42744"}],"curies":[{"name":"wp","href":"https:\/\/api.w.org\/{rel}","templated":true}]}}