
{"id":42494,"date":"2012-08-03T19:55:42","date_gmt":"2012-08-03T22:55:42","guid":{"rendered":"http:\/\/www.politicosdosuldabahia.com.br\/v1\/?p=42494"},"modified":"2012-08-03T19:55:42","modified_gmt":"2012-08-03T22:55:42","slug":"itabuna-paulo-luna-tem-candidatura-indeferida","status":"publish","type":"post","link":"https:\/\/www.politicosdosuldabahia.com.br\/v1\/2012\/08\/03\/itabuna-paulo-luna-tem-candidatura-indeferida\/","title":{"rendered":"ITABUNA: PAULO LUNA TEM CANDIDATURA INDEFERIDA"},"content":{"rendered":"<h3 style=\"text-align: justify;\"><span style=\"color: #000000;\">Em Itabuna o ex-vereador Paulo Luna (PSDB), teve seu registro de candidatura indeferido pela justi\u00e7a eleitoral. O motivo foi por ele ter sido punido pelo Conselho Regional de Corretores de Im\u00f3veis (Creci), por ser um colegiado, ele foi indeferido.<\/span><\/h3>\n<h3 style=\"text-align: justify;\"><span style=\"color: #000000;\">Mas Paulo Luna alega que n\u00e3o teve direito a ampla defesa; \u201co que de fato existe \u00e9 pura persegui\u00e7\u00e3o pol\u00edtica, fruto de uma ditadura branca, por discordar de m\u00e9todos escusos e sorrateiros daqueles que se acham acima da lei e dos homens de bem.\u201d.<\/span><\/h3>\n<h3 style=\"text-align: justify;\"><span style=\"color: #000000;\">O mesmo vai recorrer junto ao Tribunal Regional Eleitoral.<\/span><\/h3>\n","protected":false},"excerpt":{"rendered":"<p>Em Itabuna o ex-vereador Paulo Luna (PSDB), teve seu registro de candidatura indeferido pela justi\u00e7a eleitoral. O motivo foi por ele ter sido punido pelo Conselho Regional de Corretores de Im\u00f3veis (Creci), por ser um colegiado, ele foi indeferido. Mas Paulo Luna alega que n\u00e3o teve direito a ampla defesa; \u201co que de fato existe [&hellip;]<\/p>\n","protected":false},"author":2,"featured_media":0,"comment_status":"open","ping_status":"open","sticky":false,"template":"","format":"standard","meta":{"footnotes":"","_links_to":"","_links_to_target":""},"categories":[1],"tags":[],"class_list":["post-42494","post","type-post","status-publish","format-standard","hentry","category-geral"],"views":2331,"_links":{"self":[{"href":"https:\/\/www.politicosdosuldabahia.com.br\/v1\/wp-json\/wp\/v2\/posts\/42494"}],"collection":[{"href":"https:\/\/www.politicosdosuldabahia.com.br\/v1\/wp-json\/wp\/v2\/posts"}],"about":[{"href":"https:\/\/www.politicosdosuldabahia.com.br\/v1\/wp-json\/wp\/v2\/types\/post"}],"author":[{"embeddable":true,"href":"https:\/\/www.politicosdosuldabahia.com.br\/v1\/wp-json\/wp\/v2\/users\/2"}],"replies":[{"embeddable":true,"href":"https:\/\/www.politicosdosuldabahia.com.br\/v1\/wp-json\/wp\/v2\/comments?post=42494"}],"version-history":[{"count":3,"href":"https:\/\/www.politicosdosuldabahia.com.br\/v1\/wp-json\/wp\/v2\/posts\/42494\/revisions"}],"predecessor-version":[{"id":42497,"href":"https:\/\/www.politicosdosuldabahia.com.br\/v1\/wp-json\/wp\/v2\/posts\/42494\/revisions\/42497"}],"wp:attachment":[{"href":"https:\/\/www.politicosdosuldabahia.com.br\/v1\/wp-json\/wp\/v2\/media?parent=42494"}],"wp:term":[{"taxonomy":"category","embeddable":true,"href":"https:\/\/www.politicosdosuldabahia.com.br\/v1\/wp-json\/wp\/v2\/categories?post=42494"},{"taxonomy":"post_tag","embeddable":true,"href":"https:\/\/www.politicosdosuldabahia.com.br\/v1\/wp-json\/wp\/v2\/tags?post=42494"}],"curies":[{"name":"wp","href":"https:\/\/api.w.org\/{rel}","templated":true}]}}