
{"id":42367,"date":"2012-08-01T21:13:57","date_gmt":"2012-08-02T00:13:57","guid":{"rendered":"http:\/\/www.politicosdosuldabahia.com.br\/v1\/?p=42367"},"modified":"2012-08-01T21:13:58","modified_gmt":"2012-08-02T00:13:58","slug":"itabuna-civilidade-e-isso-ai","status":"publish","type":"post","link":"https:\/\/www.politicosdosuldabahia.com.br\/v1\/2012\/08\/01\/itabuna-civilidade-e-isso-ai\/","title":{"rendered":"ITABUNA: CIVILIDADE \u00c9 ISSO A\u00cd"},"content":{"rendered":"<p><a href=\"http:\/\/www.politicosdosuldabahia.com.br\/v1\/2012\/08\/01\/itabuna-civilidade-e-isso-ai\/marqueteiros\/\" rel=\"attachment wp-att-42368\"><img loading=\"lazy\" decoding=\"async\" class=\"aligncenter size-full wp-image-42368\" title=\"marqueteiros\" src=\"http:\/\/www.politicosdosuldabahia.com.br\/v1\/wp-content\/uploads\/2012\/08\/marqueteiros.jpg\" alt=\"\" width=\"480\" height=\"360\" srcset=\"https:\/\/www.politicosdosuldabahia.com.br\/v1\/wp-content\/uploads\/2012\/08\/marqueteiros.jpg 480w, https:\/\/www.politicosdosuldabahia.com.br\/v1\/wp-content\/uploads\/2012\/08\/marqueteiros-300x225.jpg 300w\" sizes=\"(max-width: 480px) 100vw, 480px\" \/><\/a><\/p>\n<h3 style=\"text-align: justify;\"><span style=\"color: #000000;\"><a href=\"http:\/\/www.cenabahiana.com.br\/v1\/\" target=\"_blank\"><span style=\"color: #000000;\">Do Cena Bahiana.<\/span><\/a><\/span><\/h3>\n<h3 style=\"text-align: justify;\"><span style=\"color: #000000;\">Em uma das mesas da pra\u00e7a de alimenta\u00e7\u00e3o do Shopping Jequitib\u00e1, em Itabuna, conversavam amigavelmente nesta ter\u00e7a-feira (31) os marqueteiros das campanhas de Azevedo (DEM), Ju\u00e7ara (PT) e Vane (PRB), al\u00e9m do jornalista Domingos Matos e do superintendente regional da Ceplac, Juvenal Maynart.<\/span><\/h3>\n<h3 style=\"text-align: justify;\"><span style=\"color: #000000;\">O clima do bate-papo demonstrava que a disputa pol\u00edtica pode ser travada sem contaminar a conviv\u00eancia respeitosa e, o que \u00e9 mais importante, sem comprometer a boa e saud\u00e1vel amizade.<\/span><\/h3>\n<h3 style=\"text-align: justify;\"><span style=\"color: #000000;\">Na foto, da esquerda para a direita, Domingos Matos, Juvenal, Vander Prata, Daniel Thame e Giorlando Lima. Estes tr\u00eas \u00faltimos, respectivamente, integrantes das equipes de marketing de Azevedo, Ju\u00e7ara e Vane.<\/span><\/h3>\n","protected":false},"excerpt":{"rendered":"<p>Do Cena Bahiana. Em uma das mesas da pra\u00e7a de alimenta\u00e7\u00e3o do Shopping Jequitib\u00e1, em Itabuna, conversavam amigavelmente nesta ter\u00e7a-feira (31) os marqueteiros das campanhas de Azevedo (DEM), Ju\u00e7ara (PT) e Vane (PRB), al\u00e9m do jornalista Domingos Matos e do superintendente regional da Ceplac, Juvenal Maynart. O clima do bate-papo demonstrava que a disputa pol\u00edtica [&hellip;]<\/p>\n","protected":false},"author":2,"featured_media":0,"comment_status":"open","ping_status":"open","sticky":false,"template":"","format":"standard","meta":{"footnotes":"","_links_to":"","_links_to_target":""},"categories":[1],"tags":[],"class_list":["post-42367","post","type-post","status-publish","format-standard","hentry","category-geral"],"views":2282,"_links":{"self":[{"href":"https:\/\/www.politicosdosuldabahia.com.br\/v1\/wp-json\/wp\/v2\/posts\/42367"}],"collection":[{"href":"https:\/\/www.politicosdosuldabahia.com.br\/v1\/wp-json\/wp\/v2\/posts"}],"about":[{"href":"https:\/\/www.politicosdosuldabahia.com.br\/v1\/wp-json\/wp\/v2\/types\/post"}],"author":[{"embeddable":true,"href":"https:\/\/www.politicosdosuldabahia.com.br\/v1\/wp-json\/wp\/v2\/users\/2"}],"replies":[{"embeddable":true,"href":"https:\/\/www.politicosdosuldabahia.com.br\/v1\/wp-json\/wp\/v2\/comments?post=42367"}],"version-history":[{"count":5,"href":"https:\/\/www.politicosdosuldabahia.com.br\/v1\/wp-json\/wp\/v2\/posts\/42367\/revisions"}],"predecessor-version":[{"id":42373,"href":"https:\/\/www.politicosdosuldabahia.com.br\/v1\/wp-json\/wp\/v2\/posts\/42367\/revisions\/42373"}],"wp:attachment":[{"href":"https:\/\/www.politicosdosuldabahia.com.br\/v1\/wp-json\/wp\/v2\/media?parent=42367"}],"wp:term":[{"taxonomy":"category","embeddable":true,"href":"https:\/\/www.politicosdosuldabahia.com.br\/v1\/wp-json\/wp\/v2\/categories?post=42367"},{"taxonomy":"post_tag","embeddable":true,"href":"https:\/\/www.politicosdosuldabahia.com.br\/v1\/wp-json\/wp\/v2\/tags?post=42367"}],"curies":[{"name":"wp","href":"https:\/\/api.w.org\/{rel}","templated":true}]}}