
{"id":41736,"date":"2012-07-19T19:34:44","date_gmt":"2012-07-19T22:34:44","guid":{"rendered":"http:\/\/www.politicosdosuldabahia.com.br\/v1\/?p=41736"},"modified":"2012-07-19T19:56:41","modified_gmt":"2012-07-19T22:56:41","slug":"municipios-tem-ate-o-dia-18-de-setembro-para-pedirem-equipamentos-do-pac-2","status":"publish","type":"post","link":"https:\/\/www.politicosdosuldabahia.com.br\/v1\/2012\/07\/19\/municipios-tem-ate-o-dia-18-de-setembro-para-pedirem-equipamentos-do-pac-2\/","title":{"rendered":"MUNIC\u00cdPIOS T\u00caM AT\u00c9 O DIA 18 DE SETEMBRO PARA PEDIREM EQUIPAMENTOS DO PAC 2"},"content":{"rendered":"<h3 style=\"text-align: justify;\"><span style=\"color: #000000;\">Munic\u00edpios com menos de 50 mil habitantes que n\u00e3o receberam retroescavadeiras na primeira fase do PAC 2, v\u00e3o ter at\u00e9 o dia 18 de setembro para confirmarem o interesse em receber o equipamento. O processo \u00e9 feito pela internet. Basta entrar no site do Minist\u00e9rio do Desenvolvimento Agr\u00e1rio, clicar no \u00edcone do PAC 2 e preencher os dados.<\/span><\/h3>\n<h3 style=\"text-align: justify;\"><span style=\"color: #000000;\">Os munic\u00edpios podem se candidatar ainda para receberem motoniveladoras, inclusive aqueles que receberam retroescavadeiras na fase anterior, mas n\u00e3o foram selecionados para esse maquin\u00e1rio.<\/span><\/h3>\n<h3 style=\"text-align: justify;\"><span style=\"color: #000000;\">Para mais informa\u00e7\u00f5es, acesse a p\u00e1gina do minist\u00e9rio da internet. O endere\u00e7o \u00e9 www.mda.gov.br.<\/span><\/h3>\n","protected":false},"excerpt":{"rendered":"<p>Munic\u00edpios com menos de 50 mil habitantes que n\u00e3o receberam retroescavadeiras na primeira fase do PAC 2, v\u00e3o ter at\u00e9 o dia 18 de setembro para confirmarem o interesse em receber o equipamento. O processo \u00e9 feito pela internet. Basta entrar no site do Minist\u00e9rio do Desenvolvimento Agr\u00e1rio, clicar no \u00edcone do PAC 2 e [&hellip;]<\/p>\n","protected":false},"author":2,"featured_media":0,"comment_status":"open","ping_status":"open","sticky":false,"template":"","format":"standard","meta":{"footnotes":"","_links_to":"","_links_to_target":""},"categories":[1],"tags":[],"class_list":["post-41736","post","type-post","status-publish","format-standard","hentry","category-geral"],"views":1332,"_links":{"self":[{"href":"https:\/\/www.politicosdosuldabahia.com.br\/v1\/wp-json\/wp\/v2\/posts\/41736"}],"collection":[{"href":"https:\/\/www.politicosdosuldabahia.com.br\/v1\/wp-json\/wp\/v2\/posts"}],"about":[{"href":"https:\/\/www.politicosdosuldabahia.com.br\/v1\/wp-json\/wp\/v2\/types\/post"}],"author":[{"embeddable":true,"href":"https:\/\/www.politicosdosuldabahia.com.br\/v1\/wp-json\/wp\/v2\/users\/2"}],"replies":[{"embeddable":true,"href":"https:\/\/www.politicosdosuldabahia.com.br\/v1\/wp-json\/wp\/v2\/comments?post=41736"}],"version-history":[{"count":3,"href":"https:\/\/www.politicosdosuldabahia.com.br\/v1\/wp-json\/wp\/v2\/posts\/41736\/revisions"}],"predecessor-version":[{"id":41739,"href":"https:\/\/www.politicosdosuldabahia.com.br\/v1\/wp-json\/wp\/v2\/posts\/41736\/revisions\/41739"}],"wp:attachment":[{"href":"https:\/\/www.politicosdosuldabahia.com.br\/v1\/wp-json\/wp\/v2\/media?parent=41736"}],"wp:term":[{"taxonomy":"category","embeddable":true,"href":"https:\/\/www.politicosdosuldabahia.com.br\/v1\/wp-json\/wp\/v2\/categories?post=41736"},{"taxonomy":"post_tag","embeddable":true,"href":"https:\/\/www.politicosdosuldabahia.com.br\/v1\/wp-json\/wp\/v2\/tags?post=41736"}],"curies":[{"name":"wp","href":"https:\/\/api.w.org\/{rel}","templated":true}]}}