
{"id":40665,"date":"2012-06-27T19:35:43","date_gmt":"2012-06-27T22:35:43","guid":{"rendered":"http:\/\/www.politicosdosuldabahia.com.br\/v1\/?p=40665"},"modified":"2012-06-27T19:35:44","modified_gmt":"2012-06-27T22:35:44","slug":"itabuna-paciente-passa-por-via-crucis-na-santa-casa-de-misericordia","status":"publish","type":"post","link":"https:\/\/www.politicosdosuldabahia.com.br\/v1\/2012\/06\/27\/itabuna-paciente-passa-por-via-crucis-na-santa-casa-de-misericordia\/","title":{"rendered":"ITABUNA: PACIENTE PASSA POR VIA CRUCIS NA SANTA CASA DE MISERIC\u00d3RDIA"},"content":{"rendered":"<p><a href=\"http:\/\/www.politicosdosuldabahia.com.br\/v1\/2012\/06\/27\/itabuna-paciente-passa-por-via-crucis-na-santa-casa-de-misericordia\/images-1-2\/\" rel=\"attachment wp-att-40666\"><img loading=\"lazy\" decoding=\"async\" class=\"aligncenter size-full wp-image-40666\" title=\"images (1)\" src=\"http:\/\/www.politicosdosuldabahia.com.br\/v1\/wp-content\/uploads\/2012\/06\/images-11.jpg\" alt=\"\" width=\"260\" height=\"194\" \/><\/a><\/p>\n<h4 style=\"text-align: justify;\"><span style=\"color: #000000;\">Em Itabuna MARIA ANG\u00c9LICA PINTO AFONSO esta desde o dia seis de junho internada no apto. 203, do Hospital Calixto Midlej Filho, da Santa Casa de Miseric\u00f3rdia esperando a autoriza\u00e7\u00e3o para fazer um procedimento cir\u00fargico para coloca\u00e7\u00e3o de placas de tit\u00e2nio. Maria sofreu uma queda em sua resid\u00eancia.<\/span><\/h4>\n<h4 style=\"text-align: justify;\"><span style=\"color: #000000;\">O cir\u00fargico n\u00e3o se realizou, devido a diverg\u00eancias entre o PLANSERV e o HOSPITAL CALIXTO MIDLEJ FILHO, quanto ao custo do material a ser usado na cirurgia. Isso deixou a fam\u00edlia da paciente bastante revoltada, j\u00e1 que s\u00f3 no dia 22 receberam a informa\u00e7\u00e3o sobre o impasse.<\/span><\/h4>\n<h4 style=\"text-align: justify;\"><span style=\"color: #000000;\">\u201cQueremos deixar claro que, em nenhum momento, ouvimos da Santa Casa de Miseric\u00f3rdia de Itabuna a verdade sobre o que ocorria, para que, ciente dos fatos, pud\u00e9ssemos levar a paciente para o devido atendimento em Salvador. Ao contr\u00e1rio, as informa\u00e7\u00f5es passadas sempre foram que a cirurgia ocorreria na \u201cpr\u00f3xima ter\u00e7a-feira\u201d, depois, \u201cna quinta-feira\u201d, seria no \u201cpr\u00f3ximo s\u00e1bado\u201d e passaram as ter\u00e7as, as quintas e sextas-feiras e nada aconteceu.\u201d, declara Maria da Luz Pinto Leite, irm\u00e3 da paciente.<\/span><\/h4>\n<h4 style=\"text-align: justify;\"><span style=\"color: #000000;\">Para agravar a situa\u00e7\u00e3o, nesta semana a fam\u00edlia da paciente foi informada de que, para o hospital, esta era a data limite para que o procedimento cir\u00fargico fosse realizado ali, ou seja, a \u201cSanta Casa de Miseric\u00f3rdia\u201d dar\u00e1 alta compuls\u00f3ria \u00e0 paciente.<\/span><\/h4>\n<h4 style=\"text-align: justify;\"><span style=\"color: #000000;\">Consciente dos seus direitos, a Sra. MARIA ANG\u00c9LICA PINTO AFONSO constituiu advogado, visando obter o devido atendimento, bem como a repara\u00e7\u00e3o pelos danos f\u00edsicos, psicol\u00f3gicos e morais a que foi submetida.<\/span><\/h4>\n","protected":false},"excerpt":{"rendered":"<p>Em Itabuna MARIA ANG\u00c9LICA PINTO AFONSO esta desde o dia seis de junho internada no apto. 203, do Hospital Calixto Midlej Filho, da Santa Casa de Miseric\u00f3rdia esperando a autoriza\u00e7\u00e3o para fazer um procedimento cir\u00fargico para coloca\u00e7\u00e3o de placas de tit\u00e2nio. Maria sofreu uma queda em sua resid\u00eancia. O cir\u00fargico n\u00e3o se realizou, devido a [&hellip;]<\/p>\n","protected":false},"author":2,"featured_media":0,"comment_status":"open","ping_status":"open","sticky":false,"template":"","format":"standard","meta":{"footnotes":"","_links_to":"","_links_to_target":""},"categories":[1],"tags":[],"class_list":["post-40665","post","type-post","status-publish","format-standard","hentry","category-geral"],"views":2422,"_links":{"self":[{"href":"https:\/\/www.politicosdosuldabahia.com.br\/v1\/wp-json\/wp\/v2\/posts\/40665"}],"collection":[{"href":"https:\/\/www.politicosdosuldabahia.com.br\/v1\/wp-json\/wp\/v2\/posts"}],"about":[{"href":"https:\/\/www.politicosdosuldabahia.com.br\/v1\/wp-json\/wp\/v2\/types\/post"}],"author":[{"embeddable":true,"href":"https:\/\/www.politicosdosuldabahia.com.br\/v1\/wp-json\/wp\/v2\/users\/2"}],"replies":[{"embeddable":true,"href":"https:\/\/www.politicosdosuldabahia.com.br\/v1\/wp-json\/wp\/v2\/comments?post=40665"}],"version-history":[{"count":3,"href":"https:\/\/www.politicosdosuldabahia.com.br\/v1\/wp-json\/wp\/v2\/posts\/40665\/revisions"}],"predecessor-version":[{"id":40669,"href":"https:\/\/www.politicosdosuldabahia.com.br\/v1\/wp-json\/wp\/v2\/posts\/40665\/revisions\/40669"}],"wp:attachment":[{"href":"https:\/\/www.politicosdosuldabahia.com.br\/v1\/wp-json\/wp\/v2\/media?parent=40665"}],"wp:term":[{"taxonomy":"category","embeddable":true,"href":"https:\/\/www.politicosdosuldabahia.com.br\/v1\/wp-json\/wp\/v2\/categories?post=40665"},{"taxonomy":"post_tag","embeddable":true,"href":"https:\/\/www.politicosdosuldabahia.com.br\/v1\/wp-json\/wp\/v2\/tags?post=40665"}],"curies":[{"name":"wp","href":"https:\/\/api.w.org\/{rel}","templated":true}]}}