
{"id":40611,"date":"2012-06-26T20:14:45","date_gmt":"2012-06-26T23:14:45","guid":{"rendered":"http:\/\/www.politicosdosuldabahia.com.br\/v1\/?p=40611"},"modified":"2012-06-26T20:14:47","modified_gmt":"2012-06-26T23:14:47","slug":"barro-preto-sergio-costa-declara-apoio-a-jaqueline-mota","status":"publish","type":"post","link":"https:\/\/www.politicosdosuldabahia.com.br\/v1\/2012\/06\/26\/barro-preto-sergio-costa-declara-apoio-a-jaqueline-mota\/","title":{"rendered":"BARRO PRETO: S\u00c9RGIO COSTA DECLARA APOIO A JAQUELINE MOTA"},"content":{"rendered":"<p><a href=\"http:\/\/www.politicosdosuldabahia.com.br\/v1\/2012\/06\/26\/barro-preto-sergio-costa-declara-apoio-a-jaqueline-mota\/jaq\/\" rel=\"attachment wp-att-40612\"><img loading=\"lazy\" decoding=\"async\" class=\"aligncenter size-full wp-image-40612\" title=\"jaq\" src=\"http:\/\/www.politicosdosuldabahia.com.br\/v1\/wp-content\/uploads\/2012\/06\/jaq.jpg\" alt=\"\" width=\"218\" height=\"231\" \/><\/a><\/p>\n<h4 style=\"text-align: justify;\"><span style=\"color: #000000;\">Nesta ter\u00e7a-feira em Barro Preto foi concretizada a composi\u00e7\u00e3o entre a candidata a prefeita Jaqueline Mota (PT), e o ex-prefeito S\u00e9rgio Costa (PRP). Nesta composi\u00e7\u00e3o o ex-alcaide indicou sua filha e ex-vereadora Isabela Costa (PSD), para compor a chapa como vice.<\/span><\/h4>\n<h4 style=\"text-align: justify;\"><span style=\"color: #000000;\">S\u00e9rgio tinha lan\u00e7ado a sua pr\u00e9-candidatura a prefeito, mas depois de consultar o seu grupo pol\u00edtico decidiu abortar a candidatura para apoiar Jaqueline.<\/span><\/h4>\n<h4 style=\"text-align: justify;\"><span style=\"color: #000000;\">A conven\u00e7\u00e3o que vai homologar a chapa ser\u00e1 realizada no dia 29, sendo que a alian\u00e7a j\u00e1 conta com os partidos PT, PC do B, PRP, PRB, PSL, PMN, PSD e PSB, sendo que at\u00e9 o dia da conven\u00e7\u00e3o dois partidos podem aderir a essa alian\u00e7a.<\/span><\/h4>\n","protected":false},"excerpt":{"rendered":"<p>Nesta ter\u00e7a-feira em Barro Preto foi concretizada a composi\u00e7\u00e3o entre a candidata a prefeita Jaqueline Mota (PT), e o ex-prefeito S\u00e9rgio Costa (PRP). Nesta composi\u00e7\u00e3o o ex-alcaide indicou sua filha e ex-vereadora Isabela Costa (PSD), para compor a chapa como vice. S\u00e9rgio tinha lan\u00e7ado a sua pr\u00e9-candidatura a prefeito, mas depois de consultar o seu [&hellip;]<\/p>\n","protected":false},"author":2,"featured_media":0,"comment_status":"open","ping_status":"open","sticky":false,"template":"","format":"standard","meta":{"footnotes":"","_links_to":"","_links_to_target":""},"categories":[1],"tags":[],"class_list":["post-40611","post","type-post","status-publish","format-standard","hentry","category-geral"],"views":3125,"_links":{"self":[{"href":"https:\/\/www.politicosdosuldabahia.com.br\/v1\/wp-json\/wp\/v2\/posts\/40611"}],"collection":[{"href":"https:\/\/www.politicosdosuldabahia.com.br\/v1\/wp-json\/wp\/v2\/posts"}],"about":[{"href":"https:\/\/www.politicosdosuldabahia.com.br\/v1\/wp-json\/wp\/v2\/types\/post"}],"author":[{"embeddable":true,"href":"https:\/\/www.politicosdosuldabahia.com.br\/v1\/wp-json\/wp\/v2\/users\/2"}],"replies":[{"embeddable":true,"href":"https:\/\/www.politicosdosuldabahia.com.br\/v1\/wp-json\/wp\/v2\/comments?post=40611"}],"version-history":[{"count":3,"href":"https:\/\/www.politicosdosuldabahia.com.br\/v1\/wp-json\/wp\/v2\/posts\/40611\/revisions"}],"predecessor-version":[{"id":40615,"href":"https:\/\/www.politicosdosuldabahia.com.br\/v1\/wp-json\/wp\/v2\/posts\/40611\/revisions\/40615"}],"wp:attachment":[{"href":"https:\/\/www.politicosdosuldabahia.com.br\/v1\/wp-json\/wp\/v2\/media?parent=40611"}],"wp:term":[{"taxonomy":"category","embeddable":true,"href":"https:\/\/www.politicosdosuldabahia.com.br\/v1\/wp-json\/wp\/v2\/categories?post=40611"},{"taxonomy":"post_tag","embeddable":true,"href":"https:\/\/www.politicosdosuldabahia.com.br\/v1\/wp-json\/wp\/v2\/tags?post=40611"}],"curies":[{"name":"wp","href":"https:\/\/api.w.org\/{rel}","templated":true}]}}