
{"id":40394,"date":"2012-06-20T12:08:55","date_gmt":"2012-06-20T15:08:55","guid":{"rendered":"http:\/\/www.politicosdosuldabahia.com.br\/v1\/?p=40394"},"modified":"2012-06-20T12:08:56","modified_gmt":"2012-06-20T15:08:56","slug":"bahia-jornalista-sofre-censura-do-governo-wagner","status":"publish","type":"post","link":"https:\/\/www.politicosdosuldabahia.com.br\/v1\/2012\/06\/20\/bahia-jornalista-sofre-censura-do-governo-wagner\/","title":{"rendered":"BAHIA: JORNALISTA SOFRE  CENSURA DO GOVERNO WAGNER"},"content":{"rendered":"<p><a href=\"http:\/\/www.politicosdosuldabahia.com.br\/v1\/2012\/06\/20\/bahia-jornalista-sofre-censura-do-governo-wagner\/wagner-7\/\" rel=\"attachment wp-att-40395\"><img loading=\"lazy\" decoding=\"async\" class=\"aligncenter size-full wp-image-40395\" title=\"wagner\" src=\"http:\/\/www.politicosdosuldabahia.com.br\/v1\/wp-content\/uploads\/2012\/06\/wagner.jpg\" alt=\"\" width=\"400\" height=\"300\" srcset=\"https:\/\/www.politicosdosuldabahia.com.br\/v1\/wp-content\/uploads\/2012\/06\/wagner.jpg 400w, https:\/\/www.politicosdosuldabahia.com.br\/v1\/wp-content\/uploads\/2012\/06\/wagner-300x225.jpg 300w\" sizes=\"(max-width: 400px) 100vw, 400px\" \/><\/a><\/p>\n<h4 style=\"text-align: justify;\"><span style=\"color: #000000;\">\u201cAo mesmo tempo em que censura a mat\u00e9ria do jornalista Guilherme Vasconcelos sobre os excessivos gastos com publicidade, R$ 122 milh\u00f5es no ano passado, montante muito superior aos R$ 37,5 milh\u00f5es destinados \u00e0s v\u00edtimas da seca no estado, o governo estadual publica an\u00fancio de p\u00e1gina dupla na \u00faltima edi\u00e7\u00e3o da revista Imprensa n\u00ba 279 (ver anexo), defendendo a liberdade de imprensa. Desse jeito, a \u00fanica solu\u00e7\u00e3o \u00e9 morar na propaganda de Jaques Wagner\u201d, denuncia o presidente estadual do Democratas, Jos\u00e9 Carlos Aleluia.<\/span><\/h4>\n<h4 style=\"text-align: justify;\"><span style=\"color: #000000;\">A indigna\u00e7\u00e3o tomou conta do l\u00edder democrata quando soube da ordem governamental para a retirada da mat\u00e9ria de um site de not\u00edcias e leu o an\u00fancio do governo estadual na revista, que diz: \u201c&#8230;Mais do que uma necessidade, a liberdade de imprensa \u00e9 hoje uma realidade e um compromisso em nosso estado, pois a liberdade n\u00e3o vive sem a imprensa, a imprensa n\u00e3o vive sem liberdade e na nova Bahia elas nunca mais estar\u00e3o separadas\u201d.<\/span><\/h4>\n<h4 style=\"text-align: justify;\"><span style=\"color: #000000;\">Aleluia lembra que a censura wagnerista recentemente atingiu o deputado estadual Carlos Ge\u00edlson (PTN). \u201cRadialista, com tradicional programa em Feira de Santana, Ge\u00edlson precisou mudar de r\u00e1dio, porque a que ele trabalhava, pressionada pelo governo que n\u00e3o admite cr\u00edticas, n\u00e3o quis renovar seu contrato. Nos sites e blogs, s\u00e3o comuns os buchichos sobre a tentativa do governo de controlar o notici\u00e1rio. Mas agora essa pr\u00e1tica hedionda vem a p\u00fablico com a den\u00fancia do jornalista Guilherme Vasconcelos. Liberdade de imprensa na Bahia s\u00f3 na propaganda de Jaques Wagner\u201d.<\/span><\/h4>\n<h4 style=\"text-align: justify;\"><span style=\"color: #000000;\">Para o presidente democrata, o governo petista quer deixar todo o povo baiano esquizofr\u00eanico, quando tenta insistentemente, com a massiva propaganda enganosa, impingir uma realidade que n\u00e3o existe. \u201cAs entidades de defesa da sociedade, como o Minist\u00e9rio P\u00fablico, j\u00e1 que a Assembleia Legislativa est\u00e1 dominada, precisam tomar uma medida urgente. N\u00e3o podemos deixar que a liberdade de imprensa seja cerceada em nosso estado. O totalitarismo do livro \u201c1984\u201d, escrito por George Orwell, n\u00e3o pode virar realidade na Bahia\u201d.<\/span><\/h4>\n","protected":false},"excerpt":{"rendered":"<p>\u201cAo mesmo tempo em que censura a mat\u00e9ria do jornalista Guilherme Vasconcelos sobre os excessivos gastos com publicidade, R$ 122 milh\u00f5es no ano passado, montante muito superior aos R$ 37,5 milh\u00f5es destinados \u00e0s v\u00edtimas da seca no estado, o governo estadual publica an\u00fancio de p\u00e1gina dupla na \u00faltima edi\u00e7\u00e3o da revista Imprensa n\u00ba 279 (ver [&hellip;]<\/p>\n","protected":false},"author":2,"featured_media":0,"comment_status":"open","ping_status":"open","sticky":false,"template":"","format":"standard","meta":{"footnotes":"","_links_to":"","_links_to_target":""},"categories":[1],"tags":[],"class_list":["post-40394","post","type-post","status-publish","format-standard","hentry","category-geral"],"views":2330,"_links":{"self":[{"href":"https:\/\/www.politicosdosuldabahia.com.br\/v1\/wp-json\/wp\/v2\/posts\/40394"}],"collection":[{"href":"https:\/\/www.politicosdosuldabahia.com.br\/v1\/wp-json\/wp\/v2\/posts"}],"about":[{"href":"https:\/\/www.politicosdosuldabahia.com.br\/v1\/wp-json\/wp\/v2\/types\/post"}],"author":[{"embeddable":true,"href":"https:\/\/www.politicosdosuldabahia.com.br\/v1\/wp-json\/wp\/v2\/users\/2"}],"replies":[{"embeddable":true,"href":"https:\/\/www.politicosdosuldabahia.com.br\/v1\/wp-json\/wp\/v2\/comments?post=40394"}],"version-history":[{"count":4,"href":"https:\/\/www.politicosdosuldabahia.com.br\/v1\/wp-json\/wp\/v2\/posts\/40394\/revisions"}],"predecessor-version":[{"id":40399,"href":"https:\/\/www.politicosdosuldabahia.com.br\/v1\/wp-json\/wp\/v2\/posts\/40394\/revisions\/40399"}],"wp:attachment":[{"href":"https:\/\/www.politicosdosuldabahia.com.br\/v1\/wp-json\/wp\/v2\/media?parent=40394"}],"wp:term":[{"taxonomy":"category","embeddable":true,"href":"https:\/\/www.politicosdosuldabahia.com.br\/v1\/wp-json\/wp\/v2\/categories?post=40394"},{"taxonomy":"post_tag","embeddable":true,"href":"https:\/\/www.politicosdosuldabahia.com.br\/v1\/wp-json\/wp\/v2\/tags?post=40394"}],"curies":[{"name":"wp","href":"https:\/\/api.w.org\/{rel}","templated":true}]}}