
{"id":39181,"date":"2012-05-30T00:46:42","date_gmt":"2012-05-30T03:46:42","guid":{"rendered":"http:\/\/www.politicosdosuldabahia.com.br\/v1\/?p=39181"},"modified":"2012-05-30T00:46:44","modified_gmt":"2012-05-30T03:46:44","slug":"itabuna-a-tensao-continua","status":"publish","type":"post","link":"https:\/\/www.politicosdosuldabahia.com.br\/v1\/2012\/05\/30\/itabuna-a-tensao-continua\/","title":{"rendered":"ITABUNA: A TENS\u00c3O CONTINUA"},"content":{"rendered":"<h3 style=\"text-align: center;\"><a href=\"http:\/\/www.politicosdosuldabahia.com.br\/v1\/2012\/05\/30\/itabuna-a-tensao-continua\/gs-e-lalau-2\/\" rel=\"attachment wp-att-39182\"><img loading=\"lazy\" decoding=\"async\" class=\"aligncenter size-full wp-image-39182\" title=\"gs-e-lalau\" src=\"http:\/\/www.politicosdosuldabahia.com.br\/v1\/wp-content\/uploads\/2012\/05\/gs-e-lalau.jpg\" alt=\"\" width=\"400\" height=\"300\" srcset=\"https:\/\/www.politicosdosuldabahia.com.br\/v1\/wp-content\/uploads\/2012\/05\/gs-e-lalau.jpg 400w, https:\/\/www.politicosdosuldabahia.com.br\/v1\/wp-content\/uploads\/2012\/05\/gs-e-lalau-300x225.jpg 300w\" sizes=\"(max-width: 400px) 100vw, 400px\" \/><\/a><br \/>\n<span style=\"color: #ff0000;\">Antes amigos, hoje advers\u00e1rios.<\/span><\/h3>\n<h4 style=\"text-align: justify;\"><span style=\"color: #000000;\">Na noite desta ter\u00e7a-feira em Itacar\u00e9 o jornalista Gilvan Rodrigues, conseguiu colocar lado a lado o deputado Geraldo Sim\u00f5es (PT), e o vereador de Itabuna Wenceslau (PC do B).<\/span><\/h4>\n<h4 style=\"text-align: justify;\"><span style=\"color: #000000;\">Gilvan declarou que iria fazer as pazes entre os dois, mas o cumprimento entre os dois foi bastante \u201cpolar\u201d e r\u00e1pido.<\/span><\/h4>\n<h4 style=\"text-align: justify;\"><span style=\"color: #000000;\">Isso demonstrou que Gilvan \u00e9 um excelente jornalista, mas como \u201cembaixador\u201d da paz n\u00e3o obteve \u00eaxito na primeira tarefa.<\/span><\/h4>\n<h4 style=\"text-align: justify;\"><span style=\"color: #000000;\">O clima entre os dois pol\u00edticos continua \u201ctenso\u201d, e isso \u00e9 um dos empecilhos para a composi\u00e7\u00e3o entre PT e PC do B no munic\u00edpio.<\/span><\/h4>\n","protected":false},"excerpt":{"rendered":"<p>Antes amigos, hoje advers\u00e1rios. Na noite desta ter\u00e7a-feira em Itacar\u00e9 o jornalista Gilvan Rodrigues, conseguiu colocar lado a lado o deputado Geraldo Sim\u00f5es (PT), e o vereador de Itabuna Wenceslau (PC do B). Gilvan declarou que iria fazer as pazes entre os dois, mas o cumprimento entre os dois foi bastante \u201cpolar\u201d e r\u00e1pido. Isso [&hellip;]<\/p>\n","protected":false},"author":2,"featured_media":0,"comment_status":"open","ping_status":"open","sticky":false,"template":"","format":"standard","meta":{"footnotes":"","_links_to":"","_links_to_target":""},"categories":[1],"tags":[],"class_list":["post-39181","post","type-post","status-publish","format-standard","hentry","category-geral"],"views":2302,"_links":{"self":[{"href":"https:\/\/www.politicosdosuldabahia.com.br\/v1\/wp-json\/wp\/v2\/posts\/39181"}],"collection":[{"href":"https:\/\/www.politicosdosuldabahia.com.br\/v1\/wp-json\/wp\/v2\/posts"}],"about":[{"href":"https:\/\/www.politicosdosuldabahia.com.br\/v1\/wp-json\/wp\/v2\/types\/post"}],"author":[{"embeddable":true,"href":"https:\/\/www.politicosdosuldabahia.com.br\/v1\/wp-json\/wp\/v2\/users\/2"}],"replies":[{"embeddable":true,"href":"https:\/\/www.politicosdosuldabahia.com.br\/v1\/wp-json\/wp\/v2\/comments?post=39181"}],"version-history":[{"count":4,"href":"https:\/\/www.politicosdosuldabahia.com.br\/v1\/wp-json\/wp\/v2\/posts\/39181\/revisions"}],"predecessor-version":[{"id":39186,"href":"https:\/\/www.politicosdosuldabahia.com.br\/v1\/wp-json\/wp\/v2\/posts\/39181\/revisions\/39186"}],"wp:attachment":[{"href":"https:\/\/www.politicosdosuldabahia.com.br\/v1\/wp-json\/wp\/v2\/media?parent=39181"}],"wp:term":[{"taxonomy":"category","embeddable":true,"href":"https:\/\/www.politicosdosuldabahia.com.br\/v1\/wp-json\/wp\/v2\/categories?post=39181"},{"taxonomy":"post_tag","embeddable":true,"href":"https:\/\/www.politicosdosuldabahia.com.br\/v1\/wp-json\/wp\/v2\/tags?post=39181"}],"curies":[{"name":"wp","href":"https:\/\/api.w.org\/{rel}","templated":true}]}}