
{"id":38372,"date":"2012-05-17T19:52:13","date_gmt":"2012-05-17T22:52:13","guid":{"rendered":"http:\/\/www.politicosdosuldabahia.com.br\/v1\/?p=38372"},"modified":"2012-05-17T19:52:14","modified_gmt":"2012-05-17T22:52:14","slug":"ubata-justica-libera-realizacao-de-micareta","status":"publish","type":"post","link":"https:\/\/www.politicosdosuldabahia.com.br\/v1\/2012\/05\/17\/ubata-justica-libera-realizacao-de-micareta\/","title":{"rendered":"UBAT\u00c3: JUSTI\u00c7A LIBERA REALIZA\u00c7\u00c3O DE MICARETA"},"content":{"rendered":"<p style=\"text-align: center;\"><a href=\"http:\/\/www.politicosdosuldabahia.com.br\/v1\/2012\/05\/17\/ubata-justica-libera-realizacao-de-micareta\/micareta-de-ubata-2\/\" rel=\"attachment wp-att-38373\"><img loading=\"lazy\" decoding=\"async\" class=\"aligncenter  wp-image-38373\" title=\"micareta de ubat\u00e3\" src=\"http:\/\/www.politicosdosuldabahia.com.br\/v1\/wp-content\/uploads\/2012\/05\/micareta-de-ubat\u00e31.jpg\" alt=\"\" width=\"461\" height=\"326\" srcset=\"https:\/\/www.politicosdosuldabahia.com.br\/v1\/wp-content\/uploads\/2012\/05\/micareta-de-ubat\u00e31.jpg 960w, https:\/\/www.politicosdosuldabahia.com.br\/v1\/wp-content\/uploads\/2012\/05\/micareta-de-ubat\u00e31-300x212.jpg 300w\" sizes=\"(max-width: 461px) 100vw, 461px\" \/><\/a><\/p>\n<h4 style=\"text-align: justify;\"><span style=\"color: #000000;\">Nesta quinta-feira o presidente do Tribunal de Justi\u00e7a da Bahia, Desembargador M\u00c1RIO ALBERTO HIRS, deferiu a pedido de suspens\u00e3o dos efeitos da liminar concedida na A\u00e7\u00e3o Civil P\u00fablica de Tutela, proposta pelo MINIST\u00c9RIO P\u00daBLICO, em que se determinou a suspens\u00e3o imediata da \u201cFesta do MICARETA\u201d da prefeitura de Ubat\u00e3.<\/span><\/h4>\n<h4 style=\"text-align: justify;\"><span style=\"color: #000000;\">O recurso foi assinado pelos advogados Milton de Cerqueira Pedreira e Ednaldo Oliveira Moura.<\/span><\/h4>\n<h4 style=\"text-align: justify;\"><span style=\"color: #000000;\">O Desembargador declarou que:<\/span><\/h4>\n<h4 style=\"text-align: justify;\"><span style=\"color: #000000;\">\u201cNo caso, respeitados os limites cognitivos do pleito suspensivo, conclui-se que a decis\u00e3o guerreada, de fato, causa grave les\u00e3o \u00e0 economia p\u00fablica, porquanto o Munic\u00edpio j\u00e1 efetuou despesas com a organiza\u00e7\u00e3o, infraestrutura, divulga\u00e7\u00e3o e contrata\u00e7\u00e3o de artistas para a realiza\u00e7\u00e3o do evento festivo, de modo que a sua n\u00e3o realiza\u00e7\u00e3o se mostra, prima facie, mais danosa ao er\u00e1rio do que a sua n\u00e3o realiza\u00e7\u00e3o.<\/span><\/h4>\n<h4 style=\"text-align: justify;\"><span style=\"color: #000000;\">Ademais, um evento deste porte movimenta a economia local, oportunizando a gera\u00e7\u00e3o de emprego e renda, al\u00e9m de fomentar um aumento na arrecada\u00e7\u00e3o tribut\u00e1ria, o que, induvidosamente, corrobora com o interesse p\u00fablico\u201d .<\/span><\/h4>\n","protected":false},"excerpt":{"rendered":"<p>Nesta quinta-feira o presidente do Tribunal de Justi\u00e7a da Bahia, Desembargador M\u00c1RIO ALBERTO HIRS, deferiu a pedido de suspens\u00e3o dos efeitos da liminar concedida na A\u00e7\u00e3o Civil P\u00fablica de Tutela, proposta pelo MINIST\u00c9RIO P\u00daBLICO, em que se determinou a suspens\u00e3o imediata da \u201cFesta do MICARETA\u201d da prefeitura de Ubat\u00e3. O recurso foi assinado pelos advogados [&hellip;]<\/p>\n","protected":false},"author":2,"featured_media":0,"comment_status":"open","ping_status":"open","sticky":false,"template":"","format":"standard","meta":{"footnotes":"","_links_to":"","_links_to_target":""},"categories":[1],"tags":[],"class_list":["post-38372","post","type-post","status-publish","format-standard","hentry","category-geral"],"views":2245,"_links":{"self":[{"href":"https:\/\/www.politicosdosuldabahia.com.br\/v1\/wp-json\/wp\/v2\/posts\/38372"}],"collection":[{"href":"https:\/\/www.politicosdosuldabahia.com.br\/v1\/wp-json\/wp\/v2\/posts"}],"about":[{"href":"https:\/\/www.politicosdosuldabahia.com.br\/v1\/wp-json\/wp\/v2\/types\/post"}],"author":[{"embeddable":true,"href":"https:\/\/www.politicosdosuldabahia.com.br\/v1\/wp-json\/wp\/v2\/users\/2"}],"replies":[{"embeddable":true,"href":"https:\/\/www.politicosdosuldabahia.com.br\/v1\/wp-json\/wp\/v2\/comments?post=38372"}],"version-history":[{"count":4,"href":"https:\/\/www.politicosdosuldabahia.com.br\/v1\/wp-json\/wp\/v2\/posts\/38372\/revisions"}],"predecessor-version":[{"id":38377,"href":"https:\/\/www.politicosdosuldabahia.com.br\/v1\/wp-json\/wp\/v2\/posts\/38372\/revisions\/38377"}],"wp:attachment":[{"href":"https:\/\/www.politicosdosuldabahia.com.br\/v1\/wp-json\/wp\/v2\/media?parent=38372"}],"wp:term":[{"taxonomy":"category","embeddable":true,"href":"https:\/\/www.politicosdosuldabahia.com.br\/v1\/wp-json\/wp\/v2\/categories?post=38372"},{"taxonomy":"post_tag","embeddable":true,"href":"https:\/\/www.politicosdosuldabahia.com.br\/v1\/wp-json\/wp\/v2\/tags?post=38372"}],"curies":[{"name":"wp","href":"https:\/\/api.w.org\/{rel}","templated":true}]}}