
{"id":37167,"date":"2012-04-24T11:48:11","date_gmt":"2012-04-24T14:48:11","guid":{"rendered":"http:\/\/www.politicosdosuldabahia.com.br\/v1\/?p=37167"},"modified":"2012-09-10T11:31:43","modified_gmt":"2012-09-10T14:31:43","slug":"urucuca-policia-federal-investiga-ex-prefeito-por-verba-de-200-casas-populares","status":"publish","type":"post","link":"https:\/\/www.politicosdosuldabahia.com.br\/v1\/2012\/04\/24\/urucuca-policia-federal-investiga-ex-prefeito-por-verba-de-200-casas-populares\/","title":{"rendered":"URU\u00c7UCA: POL\u00cdCIA FEDERAL INVESTIGA EX-PREFEITO POR  VERBA DE 200 CASAS  POPULARES"},"content":{"rendered":"<p>&nbsp;<\/p>\n<h4 style=\"text-align: justify;\"><span style=\"color: #000000;\">A Prefeitura de Uru\u00e7uca na \u00faltima sexta-feira, 20, recebeu um Of\u00edcio da Policia Federal de Ilh\u00e9us de n\u00ba 0980\/2012 a procura de um bairro com nome Nossa Senhora da Concei\u00e7\u00e3o onde foram constru\u00edda 200 casas populares.<\/span><\/h4>\n<h4 style=\"text-align: justify;\"><span style=\"color: #000000;\">Segundo informa\u00e7\u00f5es, todo e bom uru\u00e7uquense que se preze t\u00eam o conhecimento que em na cidade n\u00e3o existe esse bairro. A explica\u00e7\u00e3o s\u00f3 veio quando no referente of\u00edcio constava o per\u00edodo 2007 \u2013 2008 gest\u00e3o do ex-prefeito Dilson Argolo, o Dica .<\/span><\/h4>\n<h4 style=\"text-align: justify;\"><span style=\"color: #000000;\">O Inqu\u00e9rito Policial tem sua refer\u00eancia pelo n\u00ba 0397\/2008-4 \u2013 DPF\/ILS\/BA de ordem do delegado da PF, F\u00e1bio de Araujo Marques. De acordo com o documento, Marques solicita informa\u00e7\u00f5es sobre a origem dos recursos utilizados para essas constru\u00e7\u00f5es. O desagrad\u00e1vel of\u00edcio foi enviado para a C\u00e2mara de Vereadores na sess\u00e3o de ontem, 23, onde os edis e parcela da comunidade tiveram conhecimento.<\/span><\/h4>\n<h4 style=\"text-align: justify;\"><span style=\"color: #000000;\">Os vereadores Carlos Magno (PTB) e Magn\u00f3lia Barreto (PP) externaram sua indigna\u00e7\u00e3o e pediram que a imprensa tivesse acesso a essa vergonha.<\/span><\/h4>\n<h4 style=\"text-align: justify;\"><span style=\"color: #000000;\">O vereador Renato Francisco (PSD) na tentativa de contornar a situa\u00e7\u00e3o disse conhecer o tal bairro. O que ele n\u00e3o sabia, era a confus\u00e3o que estava fazendo sendo que a Rua Nossa Senhora da Concei\u00e7\u00e3o, o popular Alagadinho, n\u00e3o era um bairro e sim extens\u00e3o de um (Irm\u00e3 Dulce).<\/span><\/h4>\n<h4 style=\"text-align: justify;\"><span style=\"color: #000000;\">Toda comunidade est\u00e1 perplexa com a demasiada falta de compromisso e desfa\u00e7atez de um gestor p\u00fablico. Hoje pela manh\u00e3, 24, alguns cidad\u00e3os sa\u00edram com lupas \u00e0 ca\u00e7a dessas duzentas resid\u00eancias que de forma mentirosa foi proposta pelo poder p\u00fablico municipal \u00e0 \u00e9poca. E a pergunta que n\u00e3o quer calar: cad\u00ea o dinheiro das 200 casas populares?<\/span><\/h4>\n<h4 style=\"text-align: justify;\"><span style=\"color: #000000;\">Clique na imagem.<\/span><\/h4>\n<p style=\"text-align: center;\"><a href=\"http:\/\/www.politicosdosuldabahia.com.br\/v1\/wp-content\/uploads\/casas1.jpg\"><img loading=\"lazy\" decoding=\"async\" class=\"aligncenter  wp-image-37169\" title=\"casas\" src=\"http:\/\/www.politicosdosuldabahia.com.br\/v1\/wp-content\/uploads\/casas1.jpg\" alt=\"\" width=\"325\" height=\"491\" srcset=\"https:\/\/www.politicosdosuldabahia.com.br\/v1\/wp-content\/uploads\/casas1.jpg 677w, https:\/\/www.politicosdosuldabahia.com.br\/v1\/wp-content\/uploads\/casas1-198x300.jpg 198w\" sizes=\"(max-width: 325px) 100vw, 325px\" \/><\/a><\/p>\n","protected":false},"excerpt":{"rendered":"<p>&nbsp; A Prefeitura de Uru\u00e7uca na \u00faltima sexta-feira, 20, recebeu um Of\u00edcio da Policia Federal de Ilh\u00e9us de n\u00ba 0980\/2012 a procura de um bairro com nome Nossa Senhora da Concei\u00e7\u00e3o onde foram constru\u00edda 200 casas populares. Segundo informa\u00e7\u00f5es, todo e bom uru\u00e7uquense que se preze t\u00eam o conhecimento que em na cidade n\u00e3o existe [&hellip;]<\/p>\n","protected":false},"author":2,"featured_media":0,"comment_status":"open","ping_status":"open","sticky":false,"template":"","format":"standard","meta":{"footnotes":"","_links_to":"","_links_to_target":""},"categories":[1],"tags":[],"class_list":["post-37167","post","type-post","status-publish","format-standard","hentry","category-geral"],"views":3131,"_links":{"self":[{"href":"https:\/\/www.politicosdosuldabahia.com.br\/v1\/wp-json\/wp\/v2\/posts\/37167"}],"collection":[{"href":"https:\/\/www.politicosdosuldabahia.com.br\/v1\/wp-json\/wp\/v2\/posts"}],"about":[{"href":"https:\/\/www.politicosdosuldabahia.com.br\/v1\/wp-json\/wp\/v2\/types\/post"}],"author":[{"embeddable":true,"href":"https:\/\/www.politicosdosuldabahia.com.br\/v1\/wp-json\/wp\/v2\/users\/2"}],"replies":[{"embeddable":true,"href":"https:\/\/www.politicosdosuldabahia.com.br\/v1\/wp-json\/wp\/v2\/comments?post=37167"}],"version-history":[{"count":3,"href":"https:\/\/www.politicosdosuldabahia.com.br\/v1\/wp-json\/wp\/v2\/posts\/37167\/revisions"}],"predecessor-version":[{"id":44279,"href":"https:\/\/www.politicosdosuldabahia.com.br\/v1\/wp-json\/wp\/v2\/posts\/37167\/revisions\/44279"}],"wp:attachment":[{"href":"https:\/\/www.politicosdosuldabahia.com.br\/v1\/wp-json\/wp\/v2\/media?parent=37167"}],"wp:term":[{"taxonomy":"category","embeddable":true,"href":"https:\/\/www.politicosdosuldabahia.com.br\/v1\/wp-json\/wp\/v2\/categories?post=37167"},{"taxonomy":"post_tag","embeddable":true,"href":"https:\/\/www.politicosdosuldabahia.com.br\/v1\/wp-json\/wp\/v2\/tags?post=37167"}],"curies":[{"name":"wp","href":"https:\/\/api.w.org\/{rel}","templated":true}]}}