
{"id":36205,"date":"2012-04-01T18:08:55","date_gmt":"2012-04-01T21:08:55","guid":{"rendered":"http:\/\/www.politicosdosuldabahia.com.br\/v1\/?p=36205"},"modified":"2012-04-01T16:13:50","modified_gmt":"2012-04-01T19:13:50","slug":"itajuipe-si-dantas-sem-prestigio-no-psd","status":"publish","type":"post","link":"https:\/\/www.politicosdosuldabahia.com.br\/v1\/2012\/04\/01\/itajuipe-si-dantas-sem-prestigio-no-psd\/","title":{"rendered":"ITAJUIPE: SI DANTAS SEM PREST\u00cdGIO NO PSD"},"content":{"rendered":"<div class=\"mceTemp mceIEcenter\" style=\"text-align: center;\">\n<dl class=\"wp-caption aligncenter\" style=\"width: 440px;\">\n<dt class=\"wp-caption-dt\"><a href=\"http:\/\/www.politicosdosuldabahia.com.br\/v1\/wp-content\/uploads\/DSCN0981.jpg\"><img loading=\"lazy\" decoding=\"async\" class=\" wp-image-36206   \" title=\"DSCN0981\" src=\"http:\/\/www.politicosdosuldabahia.com.br\/v1\/wp-content\/uploads\/DSCN0981.jpg\" alt=\"\" width=\"430\" height=\"323\" srcset=\"https:\/\/www.politicosdosuldabahia.com.br\/v1\/wp-content\/uploads\/DSCN0981.jpg 1024w, https:\/\/www.politicosdosuldabahia.com.br\/v1\/wp-content\/uploads\/DSCN0981-300x225.jpg 300w\" sizes=\"(max-width: 430px) 100vw, 430px\" \/><\/a><\/dt>\n<\/dl>\n<h3 class=\"wp-caption-dd\"><span style=\"color: #ff0000;\">\u00c2ngela e Pastor Jos\u00e9 Reis.<\/span><\/h3>\n<\/div>\n<h4 style=\"text-align: justify;\"><span style=\"color: #000000;\">Em Itaju\u00edpe a pr\u00e9-candidata a prefeita, Si Dantas (PSD), n\u00e3o est\u00e1 conseguindo se posicionar bem nas pesquisas. A mesma \u00e9 vice-prefeita e tem total apoio do governo municipal.<\/span><\/h4>\n<h4 style=\"text-align: justify;\"><span style=\"color: #000000;\">Mesmo com o apoio da maquina municipal a mesma vem \u201cpatinando\u201d nas pesquisas, o coment\u00e1rio na cidade \u00e9 que o prefeito Marcos Dantas (PSD), n\u00e3o acertou na escolha da candidata.<\/span><\/h4>\n<h4 style=\"text-align: justify;\"><span style=\"color: #000000;\">E para agravar a situa\u00e7\u00e3o, a maior lideran\u00e7a do partido de Si Dantas na regi\u00e3o cacaueira, a deputada \u00c2ngela Souza (PSD), declarou que vai apoiar no munic\u00edpio o pr\u00e9-candidato Pastor Jos\u00e9 Reis (PSC). Isso prova que at\u00e9 no PSD a mesma n\u00e3o tem prest\u00edgio.<\/span><\/h4>\n","protected":false},"excerpt":{"rendered":"<p>\u00c2ngela e Pastor Jos\u00e9 Reis. Em Itaju\u00edpe a pr\u00e9-candidata a prefeita, Si Dantas (PSD), n\u00e3o est\u00e1 conseguindo se posicionar bem nas pesquisas. A mesma \u00e9 vice-prefeita e tem total apoio do governo municipal. Mesmo com o apoio da maquina municipal a mesma vem \u201cpatinando\u201d nas pesquisas, o coment\u00e1rio na cidade \u00e9 que o prefeito Marcos [&hellip;]<\/p>\n","protected":false},"author":2,"featured_media":0,"comment_status":"open","ping_status":"open","sticky":false,"template":"","format":"standard","meta":{"footnotes":"","_links_to":"","_links_to_target":""},"categories":[1],"tags":[],"class_list":["post-36205","post","type-post","status-publish","format-standard","hentry","category-geral"],"views":2758,"_links":{"self":[{"href":"https:\/\/www.politicosdosuldabahia.com.br\/v1\/wp-json\/wp\/v2\/posts\/36205"}],"collection":[{"href":"https:\/\/www.politicosdosuldabahia.com.br\/v1\/wp-json\/wp\/v2\/posts"}],"about":[{"href":"https:\/\/www.politicosdosuldabahia.com.br\/v1\/wp-json\/wp\/v2\/types\/post"}],"author":[{"embeddable":true,"href":"https:\/\/www.politicosdosuldabahia.com.br\/v1\/wp-json\/wp\/v2\/users\/2"}],"replies":[{"embeddable":true,"href":"https:\/\/www.politicosdosuldabahia.com.br\/v1\/wp-json\/wp\/v2\/comments?post=36205"}],"version-history":[{"count":4,"href":"https:\/\/www.politicosdosuldabahia.com.br\/v1\/wp-json\/wp\/v2\/posts\/36205\/revisions"}],"predecessor-version":[{"id":36210,"href":"https:\/\/www.politicosdosuldabahia.com.br\/v1\/wp-json\/wp\/v2\/posts\/36205\/revisions\/36210"}],"wp:attachment":[{"href":"https:\/\/www.politicosdosuldabahia.com.br\/v1\/wp-json\/wp\/v2\/media?parent=36205"}],"wp:term":[{"taxonomy":"category","embeddable":true,"href":"https:\/\/www.politicosdosuldabahia.com.br\/v1\/wp-json\/wp\/v2\/categories?post=36205"},{"taxonomy":"post_tag","embeddable":true,"href":"https:\/\/www.politicosdosuldabahia.com.br\/v1\/wp-json\/wp\/v2\/tags?post=36205"}],"curies":[{"name":"wp","href":"https:\/\/api.w.org\/{rel}","templated":true}]}}