
{"id":35249,"date":"2012-03-12T10:37:08","date_gmt":"2012-03-12T13:37:08","guid":{"rendered":"http:\/\/www.politicosdosuldabahia.com.br\/v1\/?p=35249"},"modified":"2012-03-12T10:37:08","modified_gmt":"2012-03-12T13:37:08","slug":"tatuagem-em-crianca-ou-adolescente-vai-virar-crime","status":"publish","type":"post","link":"https:\/\/www.politicosdosuldabahia.com.br\/v1\/2012\/03\/12\/tatuagem-em-crianca-ou-adolescente-vai-virar-crime\/","title":{"rendered":"TATUAGEM EM CRIAN\u00c7A OU ADOLESCENTE VAI VIRAR CRIME"},"content":{"rendered":"<h4 style=\"text-align: justify;\"><span style=\"color: #000000;\">Realizar tatuagem em crian\u00e7a ou adolescente pode dar cadeia. Essa a proposta do projeto de lei do Deputado Federal M\u00e1rcio Marinho, que acrescenta o art. 132-A ao Decreto &#8211; lei n.\u00ba 2.848, de 7 de dezembro de 1940 \u2013 C\u00f3digo Penal, tipificando o crime de realiza\u00e7\u00e3o de tatuagem em crian\u00e7a ou adolescente e prev\u00ea pena de deten\u00e7\u00e3o.<\/span><\/h4>\n<h4 style=\"text-align: justify;\"><span style=\"color: #000000;\">Marinho explica que a realiza\u00e7\u00e3o de tatuagens em crian\u00e7as e adolescentes vem se banalizando em nossa sociedade, bastando para a pr\u00e1tica a autoriza\u00e7\u00e3o dos pais ou respons\u00e1veis.<\/span><\/h4>\n<h4 style=\"text-align: justify;\"><span style=\"color: #000000;\">E alerta que a tatuagem cont\u00e9m diversos riscos \u00e0 sa\u00fade, desde o cont\u00e1gio por doen\u00e7as transmiss\u00edveis pelo sangue, at\u00e9 a intoxica\u00e7\u00e3o por tintas inadequadas, al\u00e9m de se caracterizar em modifica\u00e7\u00e3o praticamente definitiva ou de dific\u00edlima remo\u00e7\u00e3o nos corpos de pessoas muito jovens, ainda em forma\u00e7\u00e3o. \u201cNesse sentido cremos ser imprescind\u00edvel impedir completamente essa pr\u00e1tica\u201d, afirma.<\/span><\/h4>\n<h4 style=\"text-align: justify;\"><span style=\"color: #000000;\">O deputado baiano acredita que \u201cse faz necess\u00e1ria a a\u00e7\u00e3o do Estado para que, no cumprimento de sua fun\u00e7\u00e3o constitucional, efetive a prote\u00e7\u00e3o integral \u00e0 crian\u00e7a e ao adolescente, criminalizando essa conduta que n\u00e3o respeita a integridade dos corpos desses jovens que, na maioria dos casos, se arrependem profundamente de tatuarem seus corpos ap\u00f3s se tornarem adultos\u201d.<\/span><\/h4>\n","protected":false},"excerpt":{"rendered":"<p>Realizar tatuagem em crian\u00e7a ou adolescente pode dar cadeia. Essa a proposta do projeto de lei do Deputado Federal M\u00e1rcio Marinho, que acrescenta o art. 132-A ao Decreto &#8211; lei n.\u00ba 2.848, de 7 de dezembro de 1940 \u2013 C\u00f3digo Penal, tipificando o crime de realiza\u00e7\u00e3o de tatuagem em crian\u00e7a ou adolescente e prev\u00ea pena [&hellip;]<\/p>\n","protected":false},"author":2,"featured_media":0,"comment_status":"open","ping_status":"open","sticky":false,"template":"","format":"standard","meta":{"footnotes":"","_links_to":"","_links_to_target":""},"categories":[1],"tags":[],"class_list":["post-35249","post","type-post","status-publish","format-standard","hentry","category-geral"],"views":5939,"_links":{"self":[{"href":"https:\/\/www.politicosdosuldabahia.com.br\/v1\/wp-json\/wp\/v2\/posts\/35249"}],"collection":[{"href":"https:\/\/www.politicosdosuldabahia.com.br\/v1\/wp-json\/wp\/v2\/posts"}],"about":[{"href":"https:\/\/www.politicosdosuldabahia.com.br\/v1\/wp-json\/wp\/v2\/types\/post"}],"author":[{"embeddable":true,"href":"https:\/\/www.politicosdosuldabahia.com.br\/v1\/wp-json\/wp\/v2\/users\/2"}],"replies":[{"embeddable":true,"href":"https:\/\/www.politicosdosuldabahia.com.br\/v1\/wp-json\/wp\/v2\/comments?post=35249"}],"version-history":[{"count":3,"href":"https:\/\/www.politicosdosuldabahia.com.br\/v1\/wp-json\/wp\/v2\/posts\/35249\/revisions"}],"predecessor-version":[{"id":35252,"href":"https:\/\/www.politicosdosuldabahia.com.br\/v1\/wp-json\/wp\/v2\/posts\/35249\/revisions\/35252"}],"wp:attachment":[{"href":"https:\/\/www.politicosdosuldabahia.com.br\/v1\/wp-json\/wp\/v2\/media?parent=35249"}],"wp:term":[{"taxonomy":"category","embeddable":true,"href":"https:\/\/www.politicosdosuldabahia.com.br\/v1\/wp-json\/wp\/v2\/categories?post=35249"},{"taxonomy":"post_tag","embeddable":true,"href":"https:\/\/www.politicosdosuldabahia.com.br\/v1\/wp-json\/wp\/v2\/tags?post=35249"}],"curies":[{"name":"wp","href":"https:\/\/api.w.org\/{rel}","templated":true}]}}