
{"id":34407,"date":"2012-02-23T00:30:55","date_gmt":"2012-02-23T02:30:55","guid":{"rendered":"http:\/\/www.politicosdosuldabahia.com.br\/v1\/?p=34407"},"modified":"2012-02-23T00:30:55","modified_gmt":"2012-02-23T02:30:55","slug":"em-tempos-de-ficha-limpa-a-massificacao-da-informacao-e-a-producao-da-ignorancia-civica","status":"publish","type":"post","link":"https:\/\/www.politicosdosuldabahia.com.br\/v1\/2012\/02\/23\/em-tempos-de-ficha-limpa-a-massificacao-da-informacao-e-a-producao-da-ignorancia-civica\/","title":{"rendered":"EM TEMPOS DE FICHA LIMPA: A MASSIFICA\u00c7\u00c3O DA INFORMA\u00c7\u00c3O E A PRODU\u00c7\u00c3O DA IGNOR\u00c2NCIA C\u00cdVICA"},"content":{"rendered":"<p><a href=\"http:\/\/www.politicosdosuldabahia.com.br\/v1\/wp-content\/uploads\/Valeria-Ettinger1.jpg\"><img loading=\"lazy\" decoding=\"async\" class=\"aligncenter size-full wp-image-34408\" title=\"Valeria-Ettinger\" src=\"http:\/\/www.politicosdosuldabahia.com.br\/v1\/wp-content\/uploads\/Valeria-Ettinger1.jpg\" alt=\"\" width=\"176\" height=\"213\" \/><\/a><\/p>\n<h4 style=\"text-align: justify;\"><span style=\"color: #000000;\">Nas \u00faltimas semanas fomos agraciados com duas grandes decis\u00f5es judiciais provenientes do Supremo Tribunal Federal. Uma que decidia a manuten\u00e7\u00e3o do poder investigat\u00f3rio do CNJ e a decis\u00e3o que confirma a constitucionalidade da lei da ficha limpa e sua aplica\u00e7\u00e3o para as pr\u00f3ximas elei\u00e7\u00f5es.<\/span><\/h4>\n<h4 style=\"text-align: justify;\"><span style=\"color: #000000;\">No entanto, me veio \u00e0 seguinte d\u00favida a partir do questionamento feito por meu amigo Marco Ant\u00f4nio Oliveira em seu post no facebook: \u201cPor que a m\u00eddia televisa n\u00e3o divide os \u201cholofotes\u201d de dois casos judiciais t\u00e3o importantes? Referindo-se a massifica\u00e7\u00e3o da transmiss\u00e3o do julgamento do caso Elo\u00e1 e t\u00e3o pouca divulga\u00e7\u00e3o das decis\u00f5es acima referidas.<\/span><\/h4>\n<h4 style=\"text-align: justify;\"><span style=\"color: #000000;\">Ser\u00e1 que para a sociedade \u00e9 mais importante desvendar os mist\u00e9rios que cercam um crime passional ou ser\u00e1 que \u00e9 mais importante a informa\u00e7\u00e3o que instrui, que civiliza, que amplia as nossas faculdades e obriga\u00e7\u00f5es como cidad\u00e3os?<\/span><\/h4>\n<h4 style=\"text-align: justify;\"><span style=\"color: #000000;\">Por que somos bombardeados com tantas carnificinas, com tanto pessimismo, com tanta informa\u00e7\u00e3o que produz medo, ang\u00fastia, \u00f3dio, viol\u00eancia, mis\u00e9ria? Por que n\u00e3o nos proporcionam entender o que \u00e9 o poder investigat\u00f3rio do CNJ e se o seu funcionamento tem alguma influ\u00eancia para a melhoria das nossas institui\u00e7\u00f5es? Por que n\u00e3o discutir os artigos da Lei da ficha limpa para compreendermos quem de fato pode ou n\u00e3o pode se candidatar a cargo eletivo, para n\u00e3o ficarmos especulando se o prefeito ou o ex-prefeito poder\u00e1 ser candidato?<\/span><\/h4>\n<h4 style=\"text-align: justify;\"><span style=\"color: #000000;\">Claro, isso n\u00e3o tem import\u00e2ncia. O importante \u00e9 informar a popula\u00e7\u00e3o brasileira que um cidad\u00e3o invadiu a apura\u00e7\u00e3o do desfile das escolas de samba de S\u00e3o Paulo e rasgou as notas dos jurados, \u00c9 reavivar na mente dos cidad\u00e3os momentos de terror que a menina Elo\u00e1 viveu, \u00e9 informar a lideran\u00e7a do BBB ou quem foi eliminado, \u00e9 plantar a disc\u00f3rdia no carnaval com os artistas da Bahia. \u00c9 transformar uma manifesta\u00e7\u00e3o legal em ilegal. Isso \u00e9 considerado informa\u00e7\u00e3o&#8230;<\/span><\/h4>\n<h4 style=\"text-align: justify;\"><span style=\"color: #000000;\">Agora, fazer o povo entender o que \u00e9 um \u00f3rg\u00e3o colegiado, quando um pol\u00edtico ficar\u00e1 ineleg\u00edvel, o que devemos fazer, a quem devemos recorrer, n\u00e3o \u00e9 importante porque o conhecimento nos liberta da ignor\u00e2ncia e, consequentemente, muda a realidade das coisas. Infelizmente, a difus\u00e3o da informa\u00e7\u00e3o tem sido, em muitos casos, um mecanismo de manipula\u00e7\u00e3o e manuten\u00e7\u00e3o de um \u201cstatus quo\u201d dominante e excludente.<\/span><\/h4>\n<h4 style=\"text-align: justify;\"><span style=\"color: #000000;\">E, nas terras do sul a falta de informa\u00e7\u00e3o pode ajudar muita gente, visto que o nosso \u00f3rg\u00e3o colegiado nem se manifestou quando ir\u00e1 julgar as contas do nosso capit\u00e3o. Sabe-se l\u00e1 por qu\u00ea? Tamb\u00e9m como saber se n\u00e3o sabemos o que essa lei da ficha limpa quer dizer? Bem fez o outro que escolheu a esposa&#8230;<\/span><\/h4>\n<h4 style=\"text-align: justify;\"><span style=\"color: #000000;\">Val\u00e9ria Ettinger<\/span><br \/>\n<span style=\"color: #000000;\"> Professora universit\u00e1ria<\/span><\/h4>\n","protected":false},"excerpt":{"rendered":"<p>Nas \u00faltimas semanas fomos agraciados com duas grandes decis\u00f5es judiciais provenientes do Supremo Tribunal Federal. Uma que decidia a manuten\u00e7\u00e3o do poder investigat\u00f3rio do CNJ e a decis\u00e3o que confirma a constitucionalidade da lei da ficha limpa e sua aplica\u00e7\u00e3o para as pr\u00f3ximas elei\u00e7\u00f5es. No entanto, me veio \u00e0 seguinte d\u00favida a partir do questionamento [&hellip;]<\/p>\n","protected":false},"author":2,"featured_media":0,"comment_status":"open","ping_status":"open","sticky":false,"template":"","format":"standard","meta":{"footnotes":"","_links_to":"","_links_to_target":""},"categories":[1],"tags":[],"class_list":["post-34407","post","type-post","status-publish","format-standard","hentry","category-geral"],"views":2015,"_links":{"self":[{"href":"https:\/\/www.politicosdosuldabahia.com.br\/v1\/wp-json\/wp\/v2\/posts\/34407"}],"collection":[{"href":"https:\/\/www.politicosdosuldabahia.com.br\/v1\/wp-json\/wp\/v2\/posts"}],"about":[{"href":"https:\/\/www.politicosdosuldabahia.com.br\/v1\/wp-json\/wp\/v2\/types\/post"}],"author":[{"embeddable":true,"href":"https:\/\/www.politicosdosuldabahia.com.br\/v1\/wp-json\/wp\/v2\/users\/2"}],"replies":[{"embeddable":true,"href":"https:\/\/www.politicosdosuldabahia.com.br\/v1\/wp-json\/wp\/v2\/comments?post=34407"}],"version-history":[{"count":2,"href":"https:\/\/www.politicosdosuldabahia.com.br\/v1\/wp-json\/wp\/v2\/posts\/34407\/revisions"}],"predecessor-version":[{"id":34410,"href":"https:\/\/www.politicosdosuldabahia.com.br\/v1\/wp-json\/wp\/v2\/posts\/34407\/revisions\/34410"}],"wp:attachment":[{"href":"https:\/\/www.politicosdosuldabahia.com.br\/v1\/wp-json\/wp\/v2\/media?parent=34407"}],"wp:term":[{"taxonomy":"category","embeddable":true,"href":"https:\/\/www.politicosdosuldabahia.com.br\/v1\/wp-json\/wp\/v2\/categories?post=34407"},{"taxonomy":"post_tag","embeddable":true,"href":"https:\/\/www.politicosdosuldabahia.com.br\/v1\/wp-json\/wp\/v2\/tags?post=34407"}],"curies":[{"name":"wp","href":"https:\/\/api.w.org\/{rel}","templated":true}]}}