
{"id":34081,"date":"2012-02-13T15:01:23","date_gmt":"2012-02-13T17:01:23","guid":{"rendered":"http:\/\/www.politicosdosuldabahia.com.br\/v1\/?p=34081"},"modified":"2012-02-13T15:01:23","modified_gmt":"2012-02-13T17:01:23","slug":"rj-revelada-a-verdadeira-historia-do-comentarista-da-globo","status":"publish","type":"post","link":"https:\/\/www.politicosdosuldabahia.com.br\/v1\/2012\/02\/13\/rj-revelada-a-verdadeira-historia-do-comentarista-da-globo\/","title":{"rendered":"RJ:  REVELADA A VERDADEIRA HIST\u00d3RIA DO COMENTARISTA DA GLOBO"},"content":{"rendered":"<h4 style=\"text-align: justify;\"><a href=\"http:\/\/www.politicosdosuldabahia.com.br\/v1\/wp-content\/uploads\/bomdiabasil-rodrigo_125211.jpg\"><img loading=\"lazy\" decoding=\"async\" class=\"aligncenter  wp-image-34082\" title=\"bomdiabasil-rodrigo_125211\" src=\"http:\/\/www.politicosdosuldabahia.com.br\/v1\/wp-content\/uploads\/bomdiabasil-rodrigo_125211.jpg\" alt=\"\" width=\"309\" height=\"205\" srcset=\"https:\/\/www.politicosdosuldabahia.com.br\/v1\/wp-content\/uploads\/bomdiabasil-rodrigo_125211.jpg 630w, https:\/\/www.politicosdosuldabahia.com.br\/v1\/wp-content\/uploads\/bomdiabasil-rodrigo_125211-300x199.jpg 300w\" sizes=\"(max-width: 309px) 100vw, 309px\" \/><\/a><br \/>\n<span style=\"color: #ffffff;\">.<\/span><br \/>\n<span style=\"color: #000000;\"> O capit\u00e3o Rodrigo Pimentel se diz especialista em seguran\u00e7a p\u00fablica, ele \u00e9 comentarista da TV Globo. Vende a imagem de que foi um policial corajoso que enfrentava bandidos e que deixou a PM por n\u00e3o concordar com as coisas erradas que aconteciam.<\/span><\/h4>\n<h4 style=\"text-align: justify;\"><span style=\"color: #000000;\">Mas o deputado federal Garotinho (PR), publicou no seu blog o hist\u00f3rico de Rodrigo Pimentel.<\/span><\/h4>\n<h4 style=\"text-align: justify;\"><span style=\"color: #000000;\">\u201c Rodrigo Pimentel saiu da PM depois que ao comandar uma opera\u00e7\u00e3o entrou em p\u00e2nico e urinou nas cal\u00e7as. O ex-comandante do BOPE, coronel Ven\u00e2ncio Moura teve que substitu\u00ed-lo no meio da opera\u00e7\u00e3o por um sargento que tomou a frente e salvou a guarni\u00e7\u00e3o. Todos no BOPE conhecem essa hist\u00f3ria lembrada como um exemplo de covardia e desonra para a unidade de elite.<\/span><\/h4>\n<h4 style=\"text-align: justify;\"><span style=\"color: #000000;\">Isso ningu\u00e9m sabe do comentarista da TV Globo. Mas se voc\u00eas pensam que Rodrigo Pimentel \u00e9 somente um covarde v\u00e3o agora conhecer outro lado dele.<\/span><\/h4>\n<h4 style=\"text-align: justify;\"><span style=\"color: #000000;\">Correu atr\u00e1s de uma reforma por invalidez alegando que ficou surdo trabalhando na PM. Prestem aten\u00e7\u00e3o no laudo abaixo. Perceber\u00e3o que o laudo aponta o perfil \u00e1udio-m\u00e9trico de normalidade. Mesmo assim, aos 29 anos, o capit\u00e3o Pimentel foi reformado por invalidez definitiva para o trabalho, com proventos proporcionais ao tempo de servi\u00e7o.<\/span><\/h4>\n<h4 style=\"text-align: justify;\"><span style=\"color: #000000;\">Bem, os senhores j\u00e1 viram Rodrigo Pimentel na televis\u00e3o, ele n\u00e3o parece nada surdo, ali\u00e1s, ele j\u00e1 apareceu at\u00e9 entrando ao vivo, dentro de um helic\u00f3ptero com motor ligado e respondeu imediatamente a pergunta do apresentador com todo aquele barulho. Rodrigo Pimentel quando lhe conv\u00e9m escuta muito bem.\u201d<\/span><\/h4>\n","protected":false},"excerpt":{"rendered":"<p>. O capit\u00e3o Rodrigo Pimentel se diz especialista em seguran\u00e7a p\u00fablica, ele \u00e9 comentarista da TV Globo. Vende a imagem de que foi um policial corajoso que enfrentava bandidos e que deixou a PM por n\u00e3o concordar com as coisas erradas que aconteciam. Mas o deputado federal Garotinho (PR), publicou no seu blog o hist\u00f3rico [&hellip;]<\/p>\n","protected":false},"author":2,"featured_media":0,"comment_status":"open","ping_status":"open","sticky":false,"template":"","format":"standard","meta":{"footnotes":"","_links_to":"","_links_to_target":""},"categories":[1],"tags":[],"class_list":["post-34081","post","type-post","status-publish","format-standard","hentry","category-geral"],"views":3723,"_links":{"self":[{"href":"https:\/\/www.politicosdosuldabahia.com.br\/v1\/wp-json\/wp\/v2\/posts\/34081"}],"collection":[{"href":"https:\/\/www.politicosdosuldabahia.com.br\/v1\/wp-json\/wp\/v2\/posts"}],"about":[{"href":"https:\/\/www.politicosdosuldabahia.com.br\/v1\/wp-json\/wp\/v2\/types\/post"}],"author":[{"embeddable":true,"href":"https:\/\/www.politicosdosuldabahia.com.br\/v1\/wp-json\/wp\/v2\/users\/2"}],"replies":[{"embeddable":true,"href":"https:\/\/www.politicosdosuldabahia.com.br\/v1\/wp-json\/wp\/v2\/comments?post=34081"}],"version-history":[{"count":3,"href":"https:\/\/www.politicosdosuldabahia.com.br\/v1\/wp-json\/wp\/v2\/posts\/34081\/revisions"}],"predecessor-version":[{"id":34085,"href":"https:\/\/www.politicosdosuldabahia.com.br\/v1\/wp-json\/wp\/v2\/posts\/34081\/revisions\/34085"}],"wp:attachment":[{"href":"https:\/\/www.politicosdosuldabahia.com.br\/v1\/wp-json\/wp\/v2\/media?parent=34081"}],"wp:term":[{"taxonomy":"category","embeddable":true,"href":"https:\/\/www.politicosdosuldabahia.com.br\/v1\/wp-json\/wp\/v2\/categories?post=34081"},{"taxonomy":"post_tag","embeddable":true,"href":"https:\/\/www.politicosdosuldabahia.com.br\/v1\/wp-json\/wp\/v2\/tags?post=34081"}],"curies":[{"name":"wp","href":"https:\/\/api.w.org\/{rel}","templated":true}]}}