
{"id":33897,"date":"2012-02-08T16:08:39","date_gmt":"2012-02-08T18:08:39","guid":{"rendered":"http:\/\/www.politicosdosuldabahia.com.br\/v1\/?p=33897"},"modified":"2012-02-08T16:08:39","modified_gmt":"2012-02-08T18:08:39","slug":"itajuipe-candidata-do-prefeito-nao-decolou","status":"publish","type":"post","link":"https:\/\/www.politicosdosuldabahia.com.br\/v1\/2012\/02\/08\/itajuipe-candidata-do-prefeito-nao-decolou\/","title":{"rendered":"ITAJU\u00cdPE: CANDIDATA DO PREFEITO N\u00c3O DECOLOU"},"content":{"rendered":"<h4 style=\"text-align: justify;\"><a href=\"http:\/\/www.politicosdosuldabahia.com.br\/v1\/wp-content\/uploads\/S\u00ed-Dantas-do-PSD-de-Itaju\u00edpecandidatura-foi-lan\u00e7ada-em-ato-concorridofoto-Marcos-Souza-Filho.jpg\"><img loading=\"lazy\" decoding=\"async\" class=\"aligncenter size-medium wp-image-33898\" title=\"S\u00ed Dantas do PSD de Itaju\u00edpe,candidatura foi lan\u00e7ada em ato concorrido(foto Marcos Souza Filho)\" src=\"http:\/\/www.politicosdosuldabahia.com.br\/v1\/wp-content\/uploads\/S\u00ed-Dantas-do-PSD-de-Itaju\u00edpecandidatura-foi-lan\u00e7ada-em-ato-concorridofoto-Marcos-Souza-Filho-300x225.jpg\" alt=\"\" width=\"300\" height=\"225\" srcset=\"https:\/\/www.politicosdosuldabahia.com.br\/v1\/wp-content\/uploads\/S\u00ed-Dantas-do-PSD-de-Itaju\u00edpecandidatura-foi-lan\u00e7ada-em-ato-concorridofoto-Marcos-Souza-Filho-300x225.jpg 300w, https:\/\/www.politicosdosuldabahia.com.br\/v1\/wp-content\/uploads\/S\u00ed-Dantas-do-PSD-de-Itaju\u00edpecandidatura-foi-lan\u00e7ada-em-ato-concorridofoto-Marcos-Souza-Filho.jpg 400w\" sizes=\"(max-width: 300px) 100vw, 300px\" \/><\/a><br \/>\n<span style=\"color: #ffffff;\">.<\/span><br \/>\n<span style=\"color: #000000;\"> Em Itaju\u00edpe o prefeito Marcos Dantas (PSD), n\u00e3o ficou nada satisfeito com o resultado de algumas pesquisas que encomendou. O desempenho da vice-prefeita, S\u00ed Dantas (PSD)(foto), n\u00e3o foi o esperado.<\/span><\/h4>\n<h4 style=\"text-align: justify;\"><span style=\"color: #000000;\">Em fun\u00e7\u00e3o disso o prefeito decidiu que vai priorizar a sucess\u00e3o de Uru\u00e7uca, j\u00e1 que o seu irm\u00e3o, Marcelo Dantas (PSD), pretende ser candidato a prefeito.<\/span><\/h4>\n<h4 style=\"text-align: justify;\"><span style=\"color: #000000;\">O coment\u00e1rio no munic\u00edpio \u00e9 que o motivo do fraco desempenho da candidata do prefeito tem nome e sobrenome, \u00e9 a pr\u00e9-candidata Gilka Badar\u00f3 (PSB).<\/span><\/h4>\n","protected":false},"excerpt":{"rendered":"<p>. Em Itaju\u00edpe o prefeito Marcos Dantas (PSD), n\u00e3o ficou nada satisfeito com o resultado de algumas pesquisas que encomendou. O desempenho da vice-prefeita, S\u00ed Dantas (PSD)(foto), n\u00e3o foi o esperado. Em fun\u00e7\u00e3o disso o prefeito decidiu que vai priorizar a sucess\u00e3o de Uru\u00e7uca, j\u00e1 que o seu irm\u00e3o, Marcelo Dantas (PSD), pretende ser candidato [&hellip;]<\/p>\n","protected":false},"author":2,"featured_media":0,"comment_status":"open","ping_status":"open","sticky":false,"template":"","format":"standard","meta":{"footnotes":"","_links_to":"","_links_to_target":""},"categories":[1],"tags":[],"class_list":["post-33897","post","type-post","status-publish","format-standard","hentry","category-geral"],"views":4002,"_links":{"self":[{"href":"https:\/\/www.politicosdosuldabahia.com.br\/v1\/wp-json\/wp\/v2\/posts\/33897"}],"collection":[{"href":"https:\/\/www.politicosdosuldabahia.com.br\/v1\/wp-json\/wp\/v2\/posts"}],"about":[{"href":"https:\/\/www.politicosdosuldabahia.com.br\/v1\/wp-json\/wp\/v2\/types\/post"}],"author":[{"embeddable":true,"href":"https:\/\/www.politicosdosuldabahia.com.br\/v1\/wp-json\/wp\/v2\/users\/2"}],"replies":[{"embeddable":true,"href":"https:\/\/www.politicosdosuldabahia.com.br\/v1\/wp-json\/wp\/v2\/comments?post=33897"}],"version-history":[{"count":4,"href":"https:\/\/www.politicosdosuldabahia.com.br\/v1\/wp-json\/wp\/v2\/posts\/33897\/revisions"}],"predecessor-version":[{"id":33902,"href":"https:\/\/www.politicosdosuldabahia.com.br\/v1\/wp-json\/wp\/v2\/posts\/33897\/revisions\/33902"}],"wp:attachment":[{"href":"https:\/\/www.politicosdosuldabahia.com.br\/v1\/wp-json\/wp\/v2\/media?parent=33897"}],"wp:term":[{"taxonomy":"category","embeddable":true,"href":"https:\/\/www.politicosdosuldabahia.com.br\/v1\/wp-json\/wp\/v2\/categories?post=33897"},{"taxonomy":"post_tag","embeddable":true,"href":"https:\/\/www.politicosdosuldabahia.com.br\/v1\/wp-json\/wp\/v2\/tags?post=33897"}],"curies":[{"name":"wp","href":"https:\/\/api.w.org\/{rel}","templated":true}]}}