
{"id":33882,"date":"2012-02-08T12:04:10","date_gmt":"2012-02-08T14:04:10","guid":{"rendered":"http:\/\/www.politicosdosuldabahia.com.br\/v1\/?p=33882"},"modified":"2012-02-08T12:04:10","modified_gmt":"2012-02-08T14:04:10","slug":"itape-prefeito-nao-podera-ser-candidato-a-reeleicao","status":"publish","type":"post","link":"https:\/\/www.politicosdosuldabahia.com.br\/v1\/2012\/02\/08\/itape-prefeito-nao-podera-ser-candidato-a-reeleicao\/","title":{"rendered":"ITAP\u00c9: PREFEITO N\u00c3O PODER\u00c1 SER CANDIDATO A REELEI\u00c7\u00c3O"},"content":{"rendered":"<h4 style=\"text-align: justify;\"><a href=\"http:\/\/www.politicosdosuldabahia.com.br\/v1\/wp-content\/uploads\/JACKSPN1.jpg\"><img loading=\"lazy\" decoding=\"async\" class=\"aligncenter size-full wp-image-33883\" title=\"JACKSPN\" src=\"http:\/\/www.politicosdosuldabahia.com.br\/v1\/wp-content\/uploads\/JACKSPN1.jpg\" alt=\"\" width=\"300\" height=\"314\" srcset=\"https:\/\/www.politicosdosuldabahia.com.br\/v1\/wp-content\/uploads\/JACKSPN1.jpg 300w, https:\/\/www.politicosdosuldabahia.com.br\/v1\/wp-content\/uploads\/JACKSPN1-286x300.jpg 286w\" sizes=\"(max-width: 300px) 100vw, 300px\" \/><\/a><br \/>\n<span style=\"color: #ffffff;\">.<\/span><br \/>\n<span style=\"color: #000000;\"> O prefeito de Itap\u00e9, Jackson Rezende (PP), ter\u00e1 dificuldade para ser candidato a reelei\u00e7\u00e3o na elei\u00e7\u00e3o deste ano. Em 2006, ele assumiu por um m\u00eas a prefeitura, naquela ocasi\u00e3o o ent\u00e3o prefeito, Pedr\u00e3o (PSB), se licenciou no m\u00eas de junho para realizar uma cirurgia, ele era o vice e ficou no poder.<\/span><\/h4>\n<h4 style=\"text-align: justify;\"><span style=\"color: #000000;\">Existe uma resolu\u00e7\u00e3o do Tribunal Superior Eleitoral (TSE), que considera que no caso como o de Jackson Rezende, o prefeito n\u00e3o poder\u00e1 candidatar a reelei\u00e7\u00e3o, j\u00e1 que ele j\u00e1 foi reeleito na elei\u00e7\u00e3o anterior.<\/span><\/h4>\n","protected":false},"excerpt":{"rendered":"<p>. O prefeito de Itap\u00e9, Jackson Rezende (PP), ter\u00e1 dificuldade para ser candidato a reelei\u00e7\u00e3o na elei\u00e7\u00e3o deste ano. Em 2006, ele assumiu por um m\u00eas a prefeitura, naquela ocasi\u00e3o o ent\u00e3o prefeito, Pedr\u00e3o (PSB), se licenciou no m\u00eas de junho para realizar uma cirurgia, ele era o vice e ficou no poder. Existe uma [&hellip;]<\/p>\n","protected":false},"author":2,"featured_media":0,"comment_status":"open","ping_status":"open","sticky":false,"template":"","format":"standard","meta":{"footnotes":"","_links_to":"","_links_to_target":""},"categories":[1],"tags":[],"class_list":["post-33882","post","type-post","status-publish","format-standard","hentry","category-geral"],"views":2550,"_links":{"self":[{"href":"https:\/\/www.politicosdosuldabahia.com.br\/v1\/wp-json\/wp\/v2\/posts\/33882"}],"collection":[{"href":"https:\/\/www.politicosdosuldabahia.com.br\/v1\/wp-json\/wp\/v2\/posts"}],"about":[{"href":"https:\/\/www.politicosdosuldabahia.com.br\/v1\/wp-json\/wp\/v2\/types\/post"}],"author":[{"embeddable":true,"href":"https:\/\/www.politicosdosuldabahia.com.br\/v1\/wp-json\/wp\/v2\/users\/2"}],"replies":[{"embeddable":true,"href":"https:\/\/www.politicosdosuldabahia.com.br\/v1\/wp-json\/wp\/v2\/comments?post=33882"}],"version-history":[{"count":3,"href":"https:\/\/www.politicosdosuldabahia.com.br\/v1\/wp-json\/wp\/v2\/posts\/33882\/revisions"}],"predecessor-version":[{"id":33886,"href":"https:\/\/www.politicosdosuldabahia.com.br\/v1\/wp-json\/wp\/v2\/posts\/33882\/revisions\/33886"}],"wp:attachment":[{"href":"https:\/\/www.politicosdosuldabahia.com.br\/v1\/wp-json\/wp\/v2\/media?parent=33882"}],"wp:term":[{"taxonomy":"category","embeddable":true,"href":"https:\/\/www.politicosdosuldabahia.com.br\/v1\/wp-json\/wp\/v2\/categories?post=33882"},{"taxonomy":"post_tag","embeddable":true,"href":"https:\/\/www.politicosdosuldabahia.com.br\/v1\/wp-json\/wp\/v2\/tags?post=33882"}],"curies":[{"name":"wp","href":"https:\/\/api.w.org\/{rel}","templated":true}]}}