
{"id":33804,"date":"2012-02-06T22:43:40","date_gmt":"2012-02-07T00:43:40","guid":{"rendered":"http:\/\/www.politicosdosuldabahia.com.br\/v1\/?p=33804"},"modified":"2012-02-06T22:43:40","modified_gmt":"2012-02-07T00:43:40","slug":"pede-pra-sair-governador","status":"publish","type":"post","link":"https:\/\/www.politicosdosuldabahia.com.br\/v1\/2012\/02\/06\/pede-pra-sair-governador\/","title":{"rendered":"PEDE PRA SAIR, GOVERNADOR!"},"content":{"rendered":"<h4 style=\"text-align: justify;\"><a href=\"http:\/\/www.politicosdosuldabahia.com.br\/v1\/wp-content\/uploads\/Manuela-Berbert1.jpg\"><img loading=\"lazy\" decoding=\"async\" class=\"aligncenter size-medium wp-image-33805\" title=\"Manuela Berbert\" src=\"http:\/\/www.politicosdosuldabahia.com.br\/v1\/wp-content\/uploads\/Manuela-Berbert1-239x300.jpg\" alt=\"\" width=\"239\" height=\"300\" srcset=\"https:\/\/www.politicosdosuldabahia.com.br\/v1\/wp-content\/uploads\/Manuela-Berbert1-239x300.jpg 239w, https:\/\/www.politicosdosuldabahia.com.br\/v1\/wp-content\/uploads\/Manuela-Berbert1.jpg 279w\" sizes=\"(max-width: 239px) 100vw, 239px\" \/><\/a><br \/>\n<span style=\"color: #ffffff;\">.<\/span><br \/>\n<span style=\"color: #000000;\"> Assistindo \u00e0s cenas do que aconteceu no Centro Administrativo da Bahia \u2013 CAB- na manh\u00e3 de hoje, segunda-feira, o meu sentimento foi de vergonha: vergonha do que se transformou o direito de reivindica\u00e7\u00e3o dos Policiais Militares, vergonha do comportamento de alguns profissionais da imprensa e vergonha da in\u00e9rcia do Governador que, n\u00e3o cedendo, n\u00e3o \u2018desmonta o circo\u2019.<\/span><\/h4>\n<h4 style=\"text-align: justify;\"><span style=\"color: #000000;\">Diante dos epis\u00f3dios que afligem a popula\u00e7\u00e3o desde o in\u00edcio da paralisa\u00e7\u00e3o parcial da Pol\u00edcia Militar, no \u00faltimo dia 31, clamo por um di\u00e1logo construtivo. Os preju\u00edzos \u00e0 popula\u00e7\u00e3o e aos setores produtivos s\u00e3o incalcul\u00e1veis. Em pleno ver\u00e3o, quando dever\u00edamos estar produzindo e recebendo milhares de turistas, estamos assistindo a auto-estima do baiano ser devastada a cada mat\u00e9ria divulgada pela imprensa.<\/span><\/h4>\n<h4 style=\"text-align: justify;\"><span style=\"color: #000000;\">Transformaram a Bahia num campo de guerra e est\u00e3o transmitindo para o mundo. Saques, ocorr\u00eancias policiais graves e confrontos, em minha opini\u00e3o, excedem os limites aceit\u00e1veis em manifesta\u00e7\u00f5es. Est\u00e1 faltando prud\u00eancia e equil\u00edbrio de todos os lados envolvidos, e \u00e9 o povo quem est\u00e1 sendo penalizado. Greve \u00e9 um direito do trabalhador sim, mas greve armada \u00e9 rebeli\u00e3o. Acho que a causa maior dessa luta perdeu as for\u00e7as \u00e0 medida que virou baderna. Chega!<\/span><\/h4>\n<h4 style=\"text-align: justify;\"><span style=\"color: #000000;\">N\u00e3o tenho d\u00favidas de que houve incapacidade do governo em evitar que se instalasse o caos. O que tamb\u00e9m n\u00e3o entendo \u00e9 um partido que se fez em greves desqualificar reivindica\u00e7\u00f5es e partir para o ataque, recorrendo \u00e0 For\u00e7a Nacional. Passando do ponto ou n\u00e3o, Governador, o senhor est\u00e1 sendo arrogante antes e durante a crise. A sua obriga\u00e7\u00e3o institucional e moral \u00e9 negociar. Se n\u00e3o sabe, PEDE PRA SAIR!<\/span><\/h4>\n<h4 style=\"text-align: justify;\"><span style=\"color: #000000;\">Manuela Berbert \u00e9 jornalista e colunista do Jornal Di\u00e1rio Bahia<\/span><br \/>\n<span style=\"color: #000000;\"> Contato: manuelaberbert@yahoo.com.br<\/span><\/h4>\n","protected":false},"excerpt":{"rendered":"<p>. Assistindo \u00e0s cenas do que aconteceu no Centro Administrativo da Bahia \u2013 CAB- na manh\u00e3 de hoje, segunda-feira, o meu sentimento foi de vergonha: vergonha do que se transformou o direito de reivindica\u00e7\u00e3o dos Policiais Militares, vergonha do comportamento de alguns profissionais da imprensa e vergonha da in\u00e9rcia do Governador que, n\u00e3o cedendo, n\u00e3o [&hellip;]<\/p>\n","protected":false},"author":2,"featured_media":0,"comment_status":"open","ping_status":"open","sticky":false,"template":"","format":"standard","meta":{"footnotes":"","_links_to":"","_links_to_target":""},"categories":[1],"tags":[],"class_list":["post-33804","post","type-post","status-publish","format-standard","hentry","category-geral"],"views":2112,"_links":{"self":[{"href":"https:\/\/www.politicosdosuldabahia.com.br\/v1\/wp-json\/wp\/v2\/posts\/33804"}],"collection":[{"href":"https:\/\/www.politicosdosuldabahia.com.br\/v1\/wp-json\/wp\/v2\/posts"}],"about":[{"href":"https:\/\/www.politicosdosuldabahia.com.br\/v1\/wp-json\/wp\/v2\/types\/post"}],"author":[{"embeddable":true,"href":"https:\/\/www.politicosdosuldabahia.com.br\/v1\/wp-json\/wp\/v2\/users\/2"}],"replies":[{"embeddable":true,"href":"https:\/\/www.politicosdosuldabahia.com.br\/v1\/wp-json\/wp\/v2\/comments?post=33804"}],"version-history":[{"count":4,"href":"https:\/\/www.politicosdosuldabahia.com.br\/v1\/wp-json\/wp\/v2\/posts\/33804\/revisions"}],"predecessor-version":[{"id":33809,"href":"https:\/\/www.politicosdosuldabahia.com.br\/v1\/wp-json\/wp\/v2\/posts\/33804\/revisions\/33809"}],"wp:attachment":[{"href":"https:\/\/www.politicosdosuldabahia.com.br\/v1\/wp-json\/wp\/v2\/media?parent=33804"}],"wp:term":[{"taxonomy":"category","embeddable":true,"href":"https:\/\/www.politicosdosuldabahia.com.br\/v1\/wp-json\/wp\/v2\/categories?post=33804"},{"taxonomy":"post_tag","embeddable":true,"href":"https:\/\/www.politicosdosuldabahia.com.br\/v1\/wp-json\/wp\/v2\/tags?post=33804"}],"curies":[{"name":"wp","href":"https:\/\/api.w.org\/{rel}","templated":true}]}}