
{"id":33504,"date":"2012-01-30T16:29:29","date_gmt":"2012-01-30T18:29:29","guid":{"rendered":"http:\/\/www.politicosdosuldabahia.com.br\/v1\/?p=33504"},"modified":"2012-01-30T16:31:12","modified_gmt":"2012-01-30T18:31:12","slug":"itabuna-filho-de-ubaldo-dantas-foi-exonerado-do-ministerio-das-cidades","status":"publish","type":"post","link":"https:\/\/www.politicosdosuldabahia.com.br\/v1\/2012\/01\/30\/itabuna-filho-de-ubaldo-dantas-foi-exonerado-do-ministerio-das-cidades\/","title":{"rendered":"ITABUNA: FILHO DE EX-PREFEITO FOI EXONERADO DO MINIST\u00c9RIO DAS CIDADES"},"content":{"rendered":"<h4 style=\"text-align: justify;\"><span style=\"color: #000000;\">Nesta segunda-feira foi publicada no Di\u00e1rio Oficial da Uni\u00e3o a exonera\u00e7\u00e3o do assessor parlamentar do Minist\u00e9rio das Cidades, Jo\u00e3o Ubaldo Coelho Dantas. O mesmo era considerado um assessor de confian\u00e7a do ministro das Cidades, M\u00e1rio Negromonte.<\/span><\/h4>\n<h4 style=\"text-align: justify;\"><span style=\"color: #000000;\">Jo\u00e3o Ubaldo Coelho Dantas \u00e9 natural de Itabuna, ele \u00e9 filho do ex-prefeito Ubaldo Dantas (PMDB). E a sua nomea\u00e7\u00e3o para o cargo foi indica\u00e7\u00e3o de seu pai, j\u00e1 que ele tem uma grande amizade com M\u00e1rio Negromonte desde os tempos que os dois eram colegas no congresso nacional.<\/span><\/h4>\n","protected":false},"excerpt":{"rendered":"<p>Nesta segunda-feira foi publicada no Di\u00e1rio Oficial da Uni\u00e3o a exonera\u00e7\u00e3o do assessor parlamentar do Minist\u00e9rio das Cidades, Jo\u00e3o Ubaldo Coelho Dantas. O mesmo era considerado um assessor de confian\u00e7a do ministro das Cidades, M\u00e1rio Negromonte. Jo\u00e3o Ubaldo Coelho Dantas \u00e9 natural de Itabuna, ele \u00e9 filho do ex-prefeito Ubaldo Dantas (PMDB). E a sua [&hellip;]<\/p>\n","protected":false},"author":2,"featured_media":0,"comment_status":"open","ping_status":"open","sticky":false,"template":"","format":"standard","meta":{"footnotes":"","_links_to":"","_links_to_target":""},"categories":[1],"tags":[],"class_list":["post-33504","post","type-post","status-publish","format-standard","hentry","category-geral"],"views":2604,"_links":{"self":[{"href":"https:\/\/www.politicosdosuldabahia.com.br\/v1\/wp-json\/wp\/v2\/posts\/33504"}],"collection":[{"href":"https:\/\/www.politicosdosuldabahia.com.br\/v1\/wp-json\/wp\/v2\/posts"}],"about":[{"href":"https:\/\/www.politicosdosuldabahia.com.br\/v1\/wp-json\/wp\/v2\/types\/post"}],"author":[{"embeddable":true,"href":"https:\/\/www.politicosdosuldabahia.com.br\/v1\/wp-json\/wp\/v2\/users\/2"}],"replies":[{"embeddable":true,"href":"https:\/\/www.politicosdosuldabahia.com.br\/v1\/wp-json\/wp\/v2\/comments?post=33504"}],"version-history":[{"count":4,"href":"https:\/\/www.politicosdosuldabahia.com.br\/v1\/wp-json\/wp\/v2\/posts\/33504\/revisions"}],"predecessor-version":[{"id":33508,"href":"https:\/\/www.politicosdosuldabahia.com.br\/v1\/wp-json\/wp\/v2\/posts\/33504\/revisions\/33508"}],"wp:attachment":[{"href":"https:\/\/www.politicosdosuldabahia.com.br\/v1\/wp-json\/wp\/v2\/media?parent=33504"}],"wp:term":[{"taxonomy":"category","embeddable":true,"href":"https:\/\/www.politicosdosuldabahia.com.br\/v1\/wp-json\/wp\/v2\/categories?post=33504"},{"taxonomy":"post_tag","embeddable":true,"href":"https:\/\/www.politicosdosuldabahia.com.br\/v1\/wp-json\/wp\/v2\/tags?post=33504"}],"curies":[{"name":"wp","href":"https:\/\/api.w.org\/{rel}","templated":true}]}}