
{"id":33492,"date":"2012-01-30T15:26:12","date_gmt":"2012-01-30T17:26:12","guid":{"rendered":"http:\/\/www.politicosdosuldabahia.com.br\/v1\/?p=33492"},"modified":"2012-01-30T15:26:12","modified_gmt":"2012-01-30T17:26:12","slug":"eunapolis-empresario-de-itacare-foi-preso","status":"publish","type":"post","link":"https:\/\/www.politicosdosuldabahia.com.br\/v1\/2012\/01\/30\/eunapolis-empresario-de-itacare-foi-preso\/","title":{"rendered":"EUN\u00c1POLIS: EMPRES\u00c1RIO DE ITACAR\u00c9 FOI PRESO"},"content":{"rendered":"<h4 style=\"text-align: justify;\"><a href=\"http:\/\/www.politicosdosuldabahia.com.br\/v1\/wp-content\/uploads\/thumbnail.php_1.jpg\"><img loading=\"lazy\" decoding=\"async\" class=\"aligncenter size-medium wp-image-33493\" title=\"thumbnail.php\" src=\"http:\/\/www.politicosdosuldabahia.com.br\/v1\/wp-content\/uploads\/thumbnail.php_1-300x225.jpg\" alt=\"\" width=\"300\" height=\"225\" srcset=\"https:\/\/www.politicosdosuldabahia.com.br\/v1\/wp-content\/uploads\/thumbnail.php_1-300x225.jpg 300w, https:\/\/www.politicosdosuldabahia.com.br\/v1\/wp-content\/uploads\/thumbnail.php_1.jpg 640w\" sizes=\"(max-width: 300px) 100vw, 300px\" \/><\/a><br \/>\n<span style=\"color: #ffffff;\">.<\/span><br \/>\n<span style=\"color: #000000;\"> Do site \u201c<a href=\"http:\/\/www.radar64.com\/ler.php?doc=12197\" target=\"_blank\"><span style=\"color: #000000;\">Radar 64<\/span><\/a>\u201d.<\/span><\/h4>\n<h4 style=\"text-align: justify;\"><span style=\"color: #000000;\">&#8211; O N\u00facleo de Opera\u00e7\u00f5es Especiais da Pol\u00edcia Rodovi\u00e1ria Federal realizou, nesta quinta-feira (26), em Eun\u00e1polis, a pris\u00e3o de um foragido da justi\u00e7a que seria integrante da quadrilha de roubo de ve\u00edculos de luxo em que o l\u00edder, um soldado da PM, fora preso no \u00faltimo dia 06 de janeiro na capital baiana.<\/span><br \/>\n<span style=\"color: #000000;\"> Adalto Santos Costa, 36 anos, foi abordado, primeiramente na noite de quarta, mas foi liberado por falha nos sistemas de consulta naquele momento.<\/span><\/h4>\n<h4 style=\"text-align: justify;\"><span style=\"color: #000000;\">Desconfiados, os policiais identificaram o local onde ele estava e iniciaram a investiga\u00e7\u00e3o, juntamente com o N\u00facleo de Intelig\u00eancia da PRF, na qual descobriu que o suspeito fazia parte de uma quadrilha de roubo de ve\u00edculos que atuava em Salvador, cujo l\u00edder e mais tr\u00eas integrantes foram presos no in\u00edcio deste m\u00eas.<\/span><\/h4>\n<h4 style=\"text-align: justify;\"><span style=\"color: #000000;\">&#8216;Ele possui uma loja de celulares na cidade de Itacar\u00e9, no sul do estado. Naquela regi\u00e3o, sobretudo em Gandu, ocorrem muitos assaltos. Acreditamos que possa ter alguma rela\u00e7\u00e3o com ele&#8217;, explica o PRF Serra.<\/span><\/h4>\n<h4 style=\"text-align: justify;\"><span style=\"color: #000000;\">A quadrilha que atuava roubando os carros, adulterando a documenta\u00e7\u00e3o e placas, revendia os ve\u00edculos, ap\u00f3s \u201cesquent\u00e1-los\u201d, no interior do estado.<\/span><\/h4>\n<h4 style=\"text-align: justify;\"><span style=\"color: #000000;\">Adalto tamb\u00e9m \u00e9 suspeito de receptar ve\u00edculos roubados pela quadrilha do giroflex, que age nas BR-101 e 116.<\/span><\/h4>\n<h4 style=\"text-align: justify;\"><span style=\"color: #000000;\">&#8216;Sobre a quadrilha do giroflex, eles se passam por policiais civis e utilizam equipamento de giroflex no cap\u00f4 dos ve\u00edculos deles. Tamb\u00e9m utilizam coletes com inscri\u00e7\u00e3o da Pol\u00edcia Civil para abordar motoristas em falsas blitz e roubar seus carros&#8217;, afirma o PRF Serra, que comandou a opera\u00e7\u00e3o.<\/span><\/h4>\n","protected":false},"excerpt":{"rendered":"<p>. Do site \u201cRadar 64\u201d. &#8211; O N\u00facleo de Opera\u00e7\u00f5es Especiais da Pol\u00edcia Rodovi\u00e1ria Federal realizou, nesta quinta-feira (26), em Eun\u00e1polis, a pris\u00e3o de um foragido da justi\u00e7a que seria integrante da quadrilha de roubo de ve\u00edculos de luxo em que o l\u00edder, um soldado da PM, fora preso no \u00faltimo dia 06 de janeiro [&hellip;]<\/p>\n","protected":false},"author":2,"featured_media":0,"comment_status":"open","ping_status":"open","sticky":false,"template":"","format":"standard","meta":{"footnotes":"","_links_to":"","_links_to_target":""},"categories":[1],"tags":[],"class_list":["post-33492","post","type-post","status-publish","format-standard","hentry","category-geral"],"views":2203,"_links":{"self":[{"href":"https:\/\/www.politicosdosuldabahia.com.br\/v1\/wp-json\/wp\/v2\/posts\/33492"}],"collection":[{"href":"https:\/\/www.politicosdosuldabahia.com.br\/v1\/wp-json\/wp\/v2\/posts"}],"about":[{"href":"https:\/\/www.politicosdosuldabahia.com.br\/v1\/wp-json\/wp\/v2\/types\/post"}],"author":[{"embeddable":true,"href":"https:\/\/www.politicosdosuldabahia.com.br\/v1\/wp-json\/wp\/v2\/users\/2"}],"replies":[{"embeddable":true,"href":"https:\/\/www.politicosdosuldabahia.com.br\/v1\/wp-json\/wp\/v2\/comments?post=33492"}],"version-history":[{"count":2,"href":"https:\/\/www.politicosdosuldabahia.com.br\/v1\/wp-json\/wp\/v2\/posts\/33492\/revisions"}],"predecessor-version":[{"id":33495,"href":"https:\/\/www.politicosdosuldabahia.com.br\/v1\/wp-json\/wp\/v2\/posts\/33492\/revisions\/33495"}],"wp:attachment":[{"href":"https:\/\/www.politicosdosuldabahia.com.br\/v1\/wp-json\/wp\/v2\/media?parent=33492"}],"wp:term":[{"taxonomy":"category","embeddable":true,"href":"https:\/\/www.politicosdosuldabahia.com.br\/v1\/wp-json\/wp\/v2\/categories?post=33492"},{"taxonomy":"post_tag","embeddable":true,"href":"https:\/\/www.politicosdosuldabahia.com.br\/v1\/wp-json\/wp\/v2\/tags?post=33492"}],"curies":[{"name":"wp","href":"https:\/\/api.w.org\/{rel}","templated":true}]}}