
{"id":33281,"date":"2012-01-25T14:14:21","date_gmt":"2012-01-25T16:14:21","guid":{"rendered":"http:\/\/www.politicosdosuldabahia.com.br\/v1\/?p=33281"},"modified":"2012-01-25T14:14:21","modified_gmt":"2012-01-25T16:14:21","slug":"a-queda-de-negromonte-em-questao-de-horas","status":"publish","type":"post","link":"https:\/\/www.politicosdosuldabahia.com.br\/v1\/2012\/01\/25\/a-queda-de-negromonte-em-questao-de-horas\/","title":{"rendered":"A QUEDA DE NEGROMONTE EM QUEST\u00c3O DE HORAS"},"content":{"rendered":"<h4 style=\"text-align: justify;\"><a href=\"http:\/\/www.politicosdosuldabahia.com.br\/v1\/wp-content\/uploads\/bfa8f2be1caf5b626bc0cf9324096108.jpg\"><img loading=\"lazy\" decoding=\"async\" class=\"aligncenter size-medium wp-image-33282\" title=\"bfa8f2be1caf5b626bc0cf9324096108\" src=\"http:\/\/www.politicosdosuldabahia.com.br\/v1\/wp-content\/uploads\/bfa8f2be1caf5b626bc0cf9324096108-300x161.jpg\" alt=\"\" width=\"300\" height=\"161\" srcset=\"https:\/\/www.politicosdosuldabahia.com.br\/v1\/wp-content\/uploads\/bfa8f2be1caf5b626bc0cf9324096108-300x161.jpg 300w, https:\/\/www.politicosdosuldabahia.com.br\/v1\/wp-content\/uploads\/bfa8f2be1caf5b626bc0cf9324096108.jpg 595w\" sizes=\"(max-width: 300px) 100vw, 300px\" \/><\/a><br \/>\n<span style=\"color: #ffffff;\">.<\/span><br \/>\n<span style=\"color: #000000;\"> Do \u201cPol\u00edtica Livre\u201d.<\/span><\/h4>\n<h4 style=\"text-align: justify;\"><span style=\"color: #000000;\">Com a demiss\u00e3o hoje do chefe de gabinete do ministro M\u00e1rio Negromonte (Cidades), tudo indica, \u00e0 sua revelia, virou quest\u00e3o de horas a sa\u00edda do baiano do comando do minist\u00e9rio, segundo coment\u00e1rios que circularam agora h\u00e1 pouco em Bras\u00edlia. C\u00e1ssio Peixoto, considerado bra\u00e7o direito de Negromonte, teria tido sua exonera\u00e7\u00e3o assinada pela ministra Gleisi Hoffmann (Casa Civil), que tem a prerrogativa de nomear e exonerar quem ocupa este tipo de cargo.<\/span><\/h4>\n<h4 style=\"text-align: justify;\"><span style=\"color: #000000;\">Segundo dois deputados federais governistas com os quais o Pol\u00edtica Livre conversou agora h\u00e1 pouco, a demiss\u00e3o de Peixoto seria um sinal de que Negromonte deve pedir para desembarcar imediatamente do governo, se n\u00e3o quiser ser demitido nas pr\u00f3ximas horas. A queda do chefe de gabinete ocorre dois dias depois de a Folha revelar sua participa\u00e7\u00e3o em negocia\u00e7\u00f5es com um empres\u00e1rio e um lobista interessados num projeto milion\u00e1rio do minist\u00e9rio.<\/span><\/h4>\n<h4 style=\"text-align: justify;\"><span style=\"color: #000000;\">De acordo com os mesmos parlamentares, o governador Jaques Wagner teria aproveitado a oportunidade de duas viagens a Bras\u00edlia \u2013 uma na semana passada e outra ontem, para a posse de dois novos ministros \u2013 para tentar negociar a manuten\u00e7\u00e3o de Negromonte no Minist\u00e9rio das Cidades, mas n\u00e3o teria recebido qualquer aceno positivo neste sentido. No m\u00e1ximo, Negromonte poderia ser abrigado na Codevasf, segundo uma das fontes.<\/span><\/h4>\n<h4 style=\"text-align: justify;\"><span style=\"color: #000000;\">Ele acrescenta que o ministro, entretanto, pode n\u00e3o ser sequer contemplado com uma segunda coloca\u00e7\u00e3o, caso sua tentativa de permanecer no cargo seja entendida como uma t\u00e1tica para constranger a presidente Dilma Rousseff. \u201cTodos os sinais est\u00e3o evidentes de que Negromonte deve pedir para sair. Se ele permanecer, pode ficar muito mal com a presidente e at\u00e9 com quem pediu para que ele fosse mantido\u201d, declarou o parlamentar.<\/span><\/h4>\n","protected":false},"excerpt":{"rendered":"<p>. Do \u201cPol\u00edtica Livre\u201d. Com a demiss\u00e3o hoje do chefe de gabinete do ministro M\u00e1rio Negromonte (Cidades), tudo indica, \u00e0 sua revelia, virou quest\u00e3o de horas a sa\u00edda do baiano do comando do minist\u00e9rio, segundo coment\u00e1rios que circularam agora h\u00e1 pouco em Bras\u00edlia. C\u00e1ssio Peixoto, considerado bra\u00e7o direito de Negromonte, teria tido sua exonera\u00e7\u00e3o assinada [&hellip;]<\/p>\n","protected":false},"author":2,"featured_media":0,"comment_status":"open","ping_status":"open","sticky":false,"template":"","format":"standard","meta":{"footnotes":"","_links_to":"","_links_to_target":""},"categories":[1],"tags":[],"class_list":["post-33281","post","type-post","status-publish","format-standard","hentry","category-geral"],"views":1198,"_links":{"self":[{"href":"https:\/\/www.politicosdosuldabahia.com.br\/v1\/wp-json\/wp\/v2\/posts\/33281"}],"collection":[{"href":"https:\/\/www.politicosdosuldabahia.com.br\/v1\/wp-json\/wp\/v2\/posts"}],"about":[{"href":"https:\/\/www.politicosdosuldabahia.com.br\/v1\/wp-json\/wp\/v2\/types\/post"}],"author":[{"embeddable":true,"href":"https:\/\/www.politicosdosuldabahia.com.br\/v1\/wp-json\/wp\/v2\/users\/2"}],"replies":[{"embeddable":true,"href":"https:\/\/www.politicosdosuldabahia.com.br\/v1\/wp-json\/wp\/v2\/comments?post=33281"}],"version-history":[{"count":3,"href":"https:\/\/www.politicosdosuldabahia.com.br\/v1\/wp-json\/wp\/v2\/posts\/33281\/revisions"}],"predecessor-version":[{"id":33285,"href":"https:\/\/www.politicosdosuldabahia.com.br\/v1\/wp-json\/wp\/v2\/posts\/33281\/revisions\/33285"}],"wp:attachment":[{"href":"https:\/\/www.politicosdosuldabahia.com.br\/v1\/wp-json\/wp\/v2\/media?parent=33281"}],"wp:term":[{"taxonomy":"category","embeddable":true,"href":"https:\/\/www.politicosdosuldabahia.com.br\/v1\/wp-json\/wp\/v2\/categories?post=33281"},{"taxonomy":"post_tag","embeddable":true,"href":"https:\/\/www.politicosdosuldabahia.com.br\/v1\/wp-json\/wp\/v2\/tags?post=33281"}],"curies":[{"name":"wp","href":"https:\/\/api.w.org\/{rel}","templated":true}]}}