
{"id":33051,"date":"2012-01-19T12:17:39","date_gmt":"2012-01-19T14:17:39","guid":{"rendered":"http:\/\/www.politicosdosuldabahia.com.br\/v1\/?p=33051"},"modified":"2012-01-19T11:22:18","modified_gmt":"2012-01-19T13:22:18","slug":"itororo-prefeito-paga-14o-salario","status":"publish","type":"post","link":"https:\/\/www.politicosdosuldabahia.com.br\/v1\/2012\/01\/19\/itororo-prefeito-paga-14o-salario\/","title":{"rendered":"ITOROR\u00d3: PREFEITO PAGA 14\u00ba SAL\u00c1RIO"},"content":{"rendered":"<h4 style=\"text-align: justify;\"><a href=\"http:\/\/www.politicosdosuldabahia.com.br\/v1\/wp-content\/uploads\/Agentes-de-Sa\u00fade-de-Itoror\u00f3.jpg\"><img loading=\"lazy\" decoding=\"async\" class=\"size-medium wp-image-33052 aligncenter\" title=\"Agentes de Sa\u00fade de Itoror\u00f3\" src=\"http:\/\/www.politicosdosuldabahia.com.br\/v1\/wp-content\/uploads\/Agentes-de-Sa\u00fade-de-Itoror\u00f3-300x225.jpg\" alt=\"\" width=\"300\" height=\"225\" srcset=\"https:\/\/www.politicosdosuldabahia.com.br\/v1\/wp-content\/uploads\/Agentes-de-Sa\u00fade-de-Itoror\u00f3-300x225.jpg 300w, https:\/\/www.politicosdosuldabahia.com.br\/v1\/wp-content\/uploads\/Agentes-de-Sa\u00fade-de-Itoror\u00f3.jpg 640w\" sizes=\"(max-width: 300px) 100vw, 300px\" \/><\/a><br \/>\n<span style=\"color: #ffffff;\">.<\/span><br \/>\n<span style=\"color: #000000;\"> O prefeito de Itoror\u00f3 pagou o 14\u00ba sal\u00e1rio aos ACS (Agentes Comunit\u00e1rios de Sa\u00fade), fato in\u00e9dito na hist\u00f3ria do munic\u00edpio. Assim como os professores recebem uma verba para ser investida em sal\u00e1rios, os ACS tamb\u00e9m tem um fundo para essa finalidade, onde, no final do ano passado, foi observado que sobrou R$ 28 mil e \u00e9 essa verba que est\u00e1 sendo divida entre os 45 trabalhadores desse setor.<\/span><\/h4>\n<h4 style=\"text-align: justify;\"><span style=\"color: #000000;\">A not\u00edcia do 14\u00ba pegou de surpresa at\u00e9 mesmo os pr\u00f3prios agentes, que n\u00e3o esperavam receber esse dinheiro. A ACS Magda Evangelista conta que \u201cainda n\u00e3o sabe o que fazer com esse \u2018extra\u2019 que recebeu\u201d, ela ainda afirma que \u201cadmira o respeito que o prefeito tem mostrado aos funcion\u00e1rios p\u00fablicos da cidade\u201d e que suas atitudes s\u00e3o \u201cdignas de aplausos\u201d.<\/span><\/h4>\n<h4 style=\"text-align: justify;\"><span style=\"color: #000000;\">A tesoureira da Associa\u00e7\u00e3o de Agentes Comunit\u00e1rios de Sa\u00fade, Valdeneide Fernandes, foi mais al\u00e9m do que Magda. \u201cTrabalho a 20 anos na rua como agente comunit\u00e1ria e comparando os \u00faltimos 3 anos da nossa vida de agente, com o anos anteriores ao do atual prefeito, posso afirmar com certeza que hoje estamos no para\u00edso. Adroaldo \u00e9 um prefeito que procura ouvir os funcion\u00e1rios e lhes dar boas condi\u00e7\u00f5es de trabalho\u201d, disse Valdeineide.<\/span><\/h4>\n","protected":false},"excerpt":{"rendered":"<p>. O prefeito de Itoror\u00f3 pagou o 14\u00ba sal\u00e1rio aos ACS (Agentes Comunit\u00e1rios de Sa\u00fade), fato in\u00e9dito na hist\u00f3ria do munic\u00edpio. Assim como os professores recebem uma verba para ser investida em sal\u00e1rios, os ACS tamb\u00e9m tem um fundo para essa finalidade, onde, no final do ano passado, foi observado que sobrou R$ 28 mil [&hellip;]<\/p>\n","protected":false},"author":2,"featured_media":0,"comment_status":"open","ping_status":"open","sticky":false,"template":"","format":"standard","meta":{"footnotes":"","_links_to":"","_links_to_target":""},"categories":[1],"tags":[],"class_list":["post-33051","post","type-post","status-publish","format-standard","hentry","category-geral"],"views":1860,"_links":{"self":[{"href":"https:\/\/www.politicosdosuldabahia.com.br\/v1\/wp-json\/wp\/v2\/posts\/33051"}],"collection":[{"href":"https:\/\/www.politicosdosuldabahia.com.br\/v1\/wp-json\/wp\/v2\/posts"}],"about":[{"href":"https:\/\/www.politicosdosuldabahia.com.br\/v1\/wp-json\/wp\/v2\/types\/post"}],"author":[{"embeddable":true,"href":"https:\/\/www.politicosdosuldabahia.com.br\/v1\/wp-json\/wp\/v2\/users\/2"}],"replies":[{"embeddable":true,"href":"https:\/\/www.politicosdosuldabahia.com.br\/v1\/wp-json\/wp\/v2\/comments?post=33051"}],"version-history":[{"count":3,"href":"https:\/\/www.politicosdosuldabahia.com.br\/v1\/wp-json\/wp\/v2\/posts\/33051\/revisions"}],"predecessor-version":[{"id":33055,"href":"https:\/\/www.politicosdosuldabahia.com.br\/v1\/wp-json\/wp\/v2\/posts\/33051\/revisions\/33055"}],"wp:attachment":[{"href":"https:\/\/www.politicosdosuldabahia.com.br\/v1\/wp-json\/wp\/v2\/media?parent=33051"}],"wp:term":[{"taxonomy":"category","embeddable":true,"href":"https:\/\/www.politicosdosuldabahia.com.br\/v1\/wp-json\/wp\/v2\/categories?post=33051"},{"taxonomy":"post_tag","embeddable":true,"href":"https:\/\/www.politicosdosuldabahia.com.br\/v1\/wp-json\/wp\/v2\/tags?post=33051"}],"curies":[{"name":"wp","href":"https:\/\/api.w.org\/{rel}","templated":true}]}}