
{"id":32438,"date":"2012-01-04T08:57:32","date_gmt":"2012-01-04T10:57:32","guid":{"rendered":"http:\/\/www.politicosdosuldabahia.com.br\/v1\/?p=32438"},"modified":"2012-01-04T08:57:32","modified_gmt":"2012-01-04T10:57:32","slug":"prefeitos-nao-devolvem-r-2-milhoes-ao-fundeb","status":"publish","type":"post","link":"https:\/\/www.politicosdosuldabahia.com.br\/v1\/2012\/01\/04\/prefeitos-nao-devolvem-r-2-milhoes-ao-fundeb\/","title":{"rendered":"PREFEITOS N\u00c3O DEVOLVEM R$ 2 MILH\u00d5ES AO FUNDEB"},"content":{"rendered":"<h4 style=\"text-align: justify;\"><a href=\"http:\/\/www.politicosdosuldabahia.com.br\/v1\/wp-content\/uploads\/adriano-clementino.jpg\"><img loading=\"lazy\" decoding=\"async\" class=\"aligncenter size-full wp-image-32439\" title=\"adriano-clementino\" src=\"http:\/\/www.politicosdosuldabahia.com.br\/v1\/wp-content\/uploads\/adriano-clementino.jpg\" alt=\"\" width=\"330\" height=\"186\" srcset=\"https:\/\/www.politicosdosuldabahia.com.br\/v1\/wp-content\/uploads\/adriano-clementino.jpg 330w, https:\/\/www.politicosdosuldabahia.com.br\/v1\/wp-content\/uploads\/adriano-clementino-300x169.jpg 300w\" sizes=\"(max-width: 330px) 100vw, 330px\" \/><\/a><br \/>\n<span style=\"color: #ffffff;\">.<\/span><br \/>\n<span style=\"color: #000000;\"> Do jornal \u201cA Regi\u00e3o\u201d.<\/span><\/h4>\n<h4 style=\"text-align: justify;\"><span style=\"color: #000000;\">Prefeitos n\u00e3o devolvem R$ 2 milh\u00f5es ao Fundeb &#8211; Fundo de Manuten\u00e7\u00e3o e Desenvolvimento da Educa\u00e7\u00e3o B\u00e1sica- e n\u00e3o cumprem o que estabelece a Constitui\u00e7\u00e3o Federal sobre a aplica\u00e7\u00e3o de recursos em \u00e1reas priorit\u00e1rias.<\/span><\/h4>\n<h4 style=\"text-align: justify;\"><span style=\"color: #000000;\">Os prefeitos Adriano Clementino (foto), de Barro Preto; Altamirando de Jesus Santos, de Gongogi; Alexandre de Almeida, de Ubaitaba; e Ant\u00f4nio Concei\u00e7\u00e3o Almeida, o \u201cGude\u201d, de Ibirapitanga, cometeram os mesmos tipos de irregularidades.<\/span><\/h4>\n<h4 style=\"text-align: justify;\"><span style=\"color: #000000;\">De acordo com o relat\u00f3rio do Tribunal de Contas dos Munic\u00edpios (TCM), juntos os quatro fizeram mais de 60 processos de pagamento irregulares. Eles tiveram em comum o fato de usar o dinheiro que deveria ser aplicado exclusivamente na educa\u00e7\u00e3o para outras finalidades.<\/span><\/h4>\n<h4 style=\"text-align: justify;\"><span style=\"color: #000000;\">\u201cGude\u201d \u00e9 o que ter\u00e1 que devolver o maior montante de dinheiro desviado da educa\u00e7\u00e3o durante a administra\u00e7\u00e3o dele e dos antecessores. De acordo com o TCM, o prefeito ter\u00e1 que fazer a reposi\u00e7\u00e3o de R$ 813.802,00 para as contas do Fundeb.<\/span><\/h4>\n<h4 style=\"text-align: justify;\"><span style=\"color: #000000;\">Foi estabelecido prazo de 30 dias, contando a data da notifica\u00e7\u00e3o, para que ele devolva os seguintes valores desviados da educa\u00e7\u00e3o: R$ 83.345,96, R$ 214.817,95 e R$ 515.640,83. O dinheiro foi desviado durante o exerc\u00edcio de 2010 e nas administra\u00e7\u00f5es de Ruiverson Barcelos e Eraldo Assun\u00e7\u00e3o.<\/span><\/h4>\n<h4 style=\"text-align: justify;\"><span style=\"color: #000000;\">BARRO PRETO<\/span><\/h4>\n<h4 style=\"text-align: justify;\"><span style=\"color: #000000;\">O prefeito de Barro Preto ter\u00e1 que devolver, no prazo de 30 dias, R$ 122.892,00 que deixaram de ser investido na educa\u00e7\u00e3o. Al\u00e9m do desvio de dinheiro do Fundeb, Clementino deixou de aplicar o percentual m\u00ednimo de 25% da receita arrecadada na educa\u00e7\u00e3o.<\/span><\/h4>\n<h4 style=\"text-align: justify;\"><span style=\"color: #000000;\">Enquanto os investimentos ficaram abaixo na educa\u00e7\u00e3o, a C\u00e2mara de Vereadores de Barro Preto recebeu repasses acima do limite estabelecido pela Constitui\u00e7\u00e3o Federal. O duod\u00e9cimo deveria ser de, no m\u00e1ximo, R$ 431.365,88, mas foi de R$ 504.960,00.<\/span><\/h4>\n<h4 style=\"text-align: justify;\"><span style=\"color: #000000;\">Os conselheiros do TCM observam que houve gastos excessivos com pagamento de pessoal, \u201ccom ineg\u00e1vel mandamento legal\u201d. O prefeito torrou 56,68% da arrecada\u00e7\u00e3o com sal\u00e1rios. O mesmo tipo de ilegalidade foi cometido em 2009. Al\u00e9m das contas rejeitadas, foi multado em R$ 31.600,00.<\/span><\/h4>\n","protected":false},"excerpt":{"rendered":"<p>. Do jornal \u201cA Regi\u00e3o\u201d. Prefeitos n\u00e3o devolvem R$ 2 milh\u00f5es ao Fundeb &#8211; Fundo de Manuten\u00e7\u00e3o e Desenvolvimento da Educa\u00e7\u00e3o B\u00e1sica- e n\u00e3o cumprem o que estabelece a Constitui\u00e7\u00e3o Federal sobre a aplica\u00e7\u00e3o de recursos em \u00e1reas priorit\u00e1rias. Os prefeitos Adriano Clementino (foto), de Barro Preto; Altamirando de Jesus Santos, de Gongogi; Alexandre de [&hellip;]<\/p>\n","protected":false},"author":2,"featured_media":0,"comment_status":"open","ping_status":"open","sticky":false,"template":"","format":"standard","meta":{"footnotes":"","_links_to":"","_links_to_target":""},"categories":[1],"tags":[],"class_list":["post-32438","post","type-post","status-publish","format-standard","hentry","category-geral"],"views":2422,"_links":{"self":[{"href":"https:\/\/www.politicosdosuldabahia.com.br\/v1\/wp-json\/wp\/v2\/posts\/32438"}],"collection":[{"href":"https:\/\/www.politicosdosuldabahia.com.br\/v1\/wp-json\/wp\/v2\/posts"}],"about":[{"href":"https:\/\/www.politicosdosuldabahia.com.br\/v1\/wp-json\/wp\/v2\/types\/post"}],"author":[{"embeddable":true,"href":"https:\/\/www.politicosdosuldabahia.com.br\/v1\/wp-json\/wp\/v2\/users\/2"}],"replies":[{"embeddable":true,"href":"https:\/\/www.politicosdosuldabahia.com.br\/v1\/wp-json\/wp\/v2\/comments?post=32438"}],"version-history":[{"count":3,"href":"https:\/\/www.politicosdosuldabahia.com.br\/v1\/wp-json\/wp\/v2\/posts\/32438\/revisions"}],"predecessor-version":[{"id":32442,"href":"https:\/\/www.politicosdosuldabahia.com.br\/v1\/wp-json\/wp\/v2\/posts\/32438\/revisions\/32442"}],"wp:attachment":[{"href":"https:\/\/www.politicosdosuldabahia.com.br\/v1\/wp-json\/wp\/v2\/media?parent=32438"}],"wp:term":[{"taxonomy":"category","embeddable":true,"href":"https:\/\/www.politicosdosuldabahia.com.br\/v1\/wp-json\/wp\/v2\/categories?post=32438"},{"taxonomy":"post_tag","embeddable":true,"href":"https:\/\/www.politicosdosuldabahia.com.br\/v1\/wp-json\/wp\/v2\/tags?post=32438"}],"curies":[{"name":"wp","href":"https:\/\/api.w.org\/{rel}","templated":true}]}}