
{"id":32248,"date":"2011-12-28T09:50:37","date_gmt":"2011-12-28T11:50:37","guid":{"rendered":"http:\/\/www.politicosdosuldabahia.com.br\/v1\/?p=32248"},"modified":"2011-12-28T09:50:37","modified_gmt":"2011-12-28T11:50:37","slug":"itabuna-sebastiao-nery-e-o-novo-imortal-da-alambique","status":"publish","type":"post","link":"https:\/\/www.politicosdosuldabahia.com.br\/v1\/2011\/12\/28\/itabuna-sebastiao-nery-e-o-novo-imortal-da-alambique\/","title":{"rendered":"ITABUNA: SEBASTI\u00c3O NERY \u00c9 O NOVO IMORTAL DA ALAMBIQUE"},"content":{"rendered":"<h4 style=\"text-align: justify;\"><a href=\"http:\/\/www.politicosdosuldabahia.com.br\/v1\/wp-content\/uploads\/sebasti\u00e3o-nery-imortal.jpg\"><img loading=\"lazy\" decoding=\"async\" class=\"aligncenter  wp-image-32249\" title=\"sebasti\u00e3o-nery-imortal\" src=\"http:\/\/www.politicosdosuldabahia.com.br\/v1\/wp-content\/uploads\/sebasti\u00e3o-nery-imortal.jpg\" alt=\"\" width=\"461\" height=\"259\" srcset=\"https:\/\/www.politicosdosuldabahia.com.br\/v1\/wp-content\/uploads\/sebasti\u00e3o-nery-imortal.jpg 720w, https:\/\/www.politicosdosuldabahia.com.br\/v1\/wp-content\/uploads\/sebasti\u00e3o-nery-imortal-300x168.jpg 300w\" sizes=\"(max-width: 461px) 100vw, 461px\" \/><\/a><br \/>\n<span style=\"color: #ffffff;\">.<\/span><br \/>\n<span style=\"color: #000000;\"> Do Blog \u201cAgora na Rede\u201d.<\/span><\/h4>\n<h4 style=\"text-align: justify;\">\n<span style=\"color: #000000;\"> Criada em Itabuna e j\u00e1 devidamente instalada em Ilh\u00e9us, a Academia de Letras, Artes, Biritas, Inutilidades, Quimeras, Utopias, Etc, a gloriosa ALAMBIQUE, expande-se para o Brasil inteiro. Na segunda-feira (26) durante um lauto almo\u00e7o en petit comite oferecido pelo jornalista Jos\u00e9 Adervan em seu palacete no G\u00f3es Calmon (como diriam os centen\u00e1rios colunistas sociais), foi imortacoolizado o jornalista Sebasti\u00e3o Nery, um dos mais longevos e respeitados profissionais de comunica\u00e7\u00e3o do pa\u00eds.<\/span><\/h4>\n<h4 style=\"text-align: justify;\"><span style=\"color: #000000;\">Pilotando um vinho bourbon dos mais honestos (franc\u00eas leg\u00edtimo), Nery passou \u00e0 imortalidade sob as b\u00ean\u00e7\u00e3os desse blogueiro, presidente vital\u00edcio, imortalicio e ditatorialicio da Alambique e do vice Walmir Ros\u00e1rio, que preferiram uma cacha\u00e7a mineira igualmente honesta.<\/span><\/h4>\n<h4 style=\"text-align: justify;\"><span style=\"color: #000000;\">Inspirado pela imortalidade que lhe foi concedida em terras grapi\u00fanas, Sebasti\u00e3o Nery, que nasceu em Jaguaquara, na Bahia, perpetrou uma das hist\u00f3rias mais engra\u00e7adas do \u00e1gape, em tarde finas iguarias e bebidarias.<\/span><\/h4>\n<h4 style=\"text-align: justify;\"><span style=\"color: #000000;\">Ao questionar o cartunista Jaguar, bebedor sacramentado e juramentado, porque ele, passando dos 80 anos, n\u00e3o largava o copo, ouviu uma resposta lapidar:<\/span><\/h4>\n<h4 style=\"text-align: justify;\"><span style=\"color: #000000;\">-Nery, se largar o copo eu perco e equil\u00edbrio e caio.<\/span><br \/>\n<span style=\"color: #000000;\"> Eis a\u00ed um alambiquista nato!<\/span><\/h4>\n","protected":false},"excerpt":{"rendered":"<p>. Do Blog \u201cAgora na Rede\u201d. Criada em Itabuna e j\u00e1 devidamente instalada em Ilh\u00e9us, a Academia de Letras, Artes, Biritas, Inutilidades, Quimeras, Utopias, Etc, a gloriosa ALAMBIQUE, expande-se para o Brasil inteiro. Na segunda-feira (26) durante um lauto almo\u00e7o en petit comite oferecido pelo jornalista Jos\u00e9 Adervan em seu palacete no G\u00f3es Calmon (como [&hellip;]<\/p>\n","protected":false},"author":2,"featured_media":0,"comment_status":"open","ping_status":"open","sticky":false,"template":"","format":"standard","meta":{"footnotes":"","_links_to":"","_links_to_target":""},"categories":[1],"tags":[],"class_list":["post-32248","post","type-post","status-publish","format-standard","hentry","category-geral"],"views":1724,"_links":{"self":[{"href":"https:\/\/www.politicosdosuldabahia.com.br\/v1\/wp-json\/wp\/v2\/posts\/32248"}],"collection":[{"href":"https:\/\/www.politicosdosuldabahia.com.br\/v1\/wp-json\/wp\/v2\/posts"}],"about":[{"href":"https:\/\/www.politicosdosuldabahia.com.br\/v1\/wp-json\/wp\/v2\/types\/post"}],"author":[{"embeddable":true,"href":"https:\/\/www.politicosdosuldabahia.com.br\/v1\/wp-json\/wp\/v2\/users\/2"}],"replies":[{"embeddable":true,"href":"https:\/\/www.politicosdosuldabahia.com.br\/v1\/wp-json\/wp\/v2\/comments?post=32248"}],"version-history":[{"count":3,"href":"https:\/\/www.politicosdosuldabahia.com.br\/v1\/wp-json\/wp\/v2\/posts\/32248\/revisions"}],"predecessor-version":[{"id":32252,"href":"https:\/\/www.politicosdosuldabahia.com.br\/v1\/wp-json\/wp\/v2\/posts\/32248\/revisions\/32252"}],"wp:attachment":[{"href":"https:\/\/www.politicosdosuldabahia.com.br\/v1\/wp-json\/wp\/v2\/media?parent=32248"}],"wp:term":[{"taxonomy":"category","embeddable":true,"href":"https:\/\/www.politicosdosuldabahia.com.br\/v1\/wp-json\/wp\/v2\/categories?post=32248"},{"taxonomy":"post_tag","embeddable":true,"href":"https:\/\/www.politicosdosuldabahia.com.br\/v1\/wp-json\/wp\/v2\/tags?post=32248"}],"curies":[{"name":"wp","href":"https:\/\/api.w.org\/{rel}","templated":true}]}}