
{"id":31245,"date":"2011-12-02T07:11:32","date_gmt":"2011-12-02T09:11:32","guid":{"rendered":"http:\/\/www.politicosdosuldabahia.com.br\/v1\/?p=31245"},"modified":"2011-12-01T20:19:59","modified_gmt":"2011-12-01T22:19:59","slug":"ibicui-prefeito-e-vaiado-durante-sessao-na-camara","status":"publish","type":"post","link":"https:\/\/www.politicosdosuldabahia.com.br\/v1\/2011\/12\/02\/ibicui-prefeito-e-vaiado-durante-sessao-na-camara\/","title":{"rendered":"IBICU\u00cd: PREFEITO  \u00c9 VAIADO DURANTE SESS\u00c3O NA C\u00c2MARA"},"content":{"rendered":"<h4 style=\"text-align: justify;\"><a href=\"http:\/\/www.politicosdosuldabahia.com.br\/v1\/wp-content\/uploads\/Claudio-Dourado.jpg\"><img loading=\"lazy\" decoding=\"async\" class=\"aligncenter size-medium wp-image-31246\" title=\"Claudio Dourado\" src=\"http:\/\/www.politicosdosuldabahia.com.br\/v1\/wp-content\/uploads\/Claudio-Dourado-300x199.jpg\" alt=\"\" width=\"300\" height=\"199\" srcset=\"https:\/\/www.politicosdosuldabahia.com.br\/v1\/wp-content\/uploads\/Claudio-Dourado-300x199.jpg 300w, https:\/\/www.politicosdosuldabahia.com.br\/v1\/wp-content\/uploads\/Claudio-Dourado-1024x682.jpg 1024w, https:\/\/www.politicosdosuldabahia.com.br\/v1\/wp-content\/uploads\/Claudio-Dourado.jpg 1600w\" sizes=\"(max-width: 300px) 100vw, 300px\" \/><\/a><br \/>\n<span style=\"color: #ffffff;\">.<\/span><br \/>\n<span style=\"color: #000000;\"> Na \u00faltima sexta-feira o prefeito de Ibicu\u00ed, Cl\u00e1udio Dourado (PTB), passou por momento de tens\u00e3o no povoado de \u201cRuinha\u201d. Estava sendo realizada uma sess\u00e3o itinerante da c\u00e2mara de vereadores e os discursos dos vereadores da oposi\u00e7\u00e3o deixaram a popula\u00e7\u00e3o local agitada.<\/span><\/h4>\n<h4 style=\"text-align: justify;\"><span style=\"color: #000000;\">O prefeito foi vaiado e agredido verbalmente, a popula\u00e7\u00e3o estava insatisfeita com a aus\u00eancia do prefeito no munic\u00edpio, sobretudo no povoado de \u201cRuinha\u201d. Os manifestantes tentaram interditar a estrada para impedir a sa\u00edda da comitiva do prefeito.<\/span><\/h4>\n<h4 style=\"text-align: justify;\"><span style=\"color: #000000;\">Felizmente prevaleceu o bom senso e Claudio Dourado conseguiu sair da comunidade sem problema. Em seguida ele realizou uma reuni\u00e3o com todo o seu secretariado e cobrou mais\u00a0 a\u00e7\u00e3o da equipe.<\/span><\/h4>\n","protected":false},"excerpt":{"rendered":"<p>. Na \u00faltima sexta-feira o prefeito de Ibicu\u00ed, Cl\u00e1udio Dourado (PTB), passou por momento de tens\u00e3o no povoado de \u201cRuinha\u201d. Estava sendo realizada uma sess\u00e3o itinerante da c\u00e2mara de vereadores e os discursos dos vereadores da oposi\u00e7\u00e3o deixaram a popula\u00e7\u00e3o local agitada. O prefeito foi vaiado e agredido verbalmente, a popula\u00e7\u00e3o estava insatisfeita com a [&hellip;]<\/p>\n","protected":false},"author":2,"featured_media":0,"comment_status":"open","ping_status":"open","sticky":false,"template":"","format":"standard","meta":{"footnotes":"","_links_to":"","_links_to_target":""},"categories":[1],"tags":[],"class_list":["post-31245","post","type-post","status-publish","format-standard","hentry","category-geral"],"views":1603,"_links":{"self":[{"href":"https:\/\/www.politicosdosuldabahia.com.br\/v1\/wp-json\/wp\/v2\/posts\/31245"}],"collection":[{"href":"https:\/\/www.politicosdosuldabahia.com.br\/v1\/wp-json\/wp\/v2\/posts"}],"about":[{"href":"https:\/\/www.politicosdosuldabahia.com.br\/v1\/wp-json\/wp\/v2\/types\/post"}],"author":[{"embeddable":true,"href":"https:\/\/www.politicosdosuldabahia.com.br\/v1\/wp-json\/wp\/v2\/users\/2"}],"replies":[{"embeddable":true,"href":"https:\/\/www.politicosdosuldabahia.com.br\/v1\/wp-json\/wp\/v2\/comments?post=31245"}],"version-history":[{"count":3,"href":"https:\/\/www.politicosdosuldabahia.com.br\/v1\/wp-json\/wp\/v2\/posts\/31245\/revisions"}],"predecessor-version":[{"id":31249,"href":"https:\/\/www.politicosdosuldabahia.com.br\/v1\/wp-json\/wp\/v2\/posts\/31245\/revisions\/31249"}],"wp:attachment":[{"href":"https:\/\/www.politicosdosuldabahia.com.br\/v1\/wp-json\/wp\/v2\/media?parent=31245"}],"wp:term":[{"taxonomy":"category","embeddable":true,"href":"https:\/\/www.politicosdosuldabahia.com.br\/v1\/wp-json\/wp\/v2\/categories?post=31245"},{"taxonomy":"post_tag","embeddable":true,"href":"https:\/\/www.politicosdosuldabahia.com.br\/v1\/wp-json\/wp\/v2\/tags?post=31245"}],"curies":[{"name":"wp","href":"https:\/\/api.w.org\/{rel}","templated":true}]}}