
{"id":31178,"date":"2011-11-30T15:41:16","date_gmt":"2011-11-30T17:41:16","guid":{"rendered":"http:\/\/www.politicosdosuldabahia.com.br\/v1\/?p=31178"},"modified":"2011-11-30T15:42:34","modified_gmt":"2011-11-30T17:42:34","slug":"itabuna-trabalho-capitao-azevedo-ter-o-apoio-do-pmdb-e-psdb","status":"publish","type":"post","link":"https:\/\/www.politicosdosuldabahia.com.br\/v1\/2011\/11\/30\/itabuna-trabalho-capitao-azevedo-ter-o-apoio-do-pmdb-e-psdb\/","title":{"rendered":"ITABUNA: &#8220;TRABALHO PARA O CAPIT\u00c3O AZEVEDO TER O APOIO DO PMDB E PSDB&#8221;"},"content":{"rendered":"<h4 style=\"text-align: justify;\"><a href=\"http:\/\/www.politicosdosuldabahia.com.br\/v1\/wp-content\/uploads\/ACM-Neto111.jpg\"><img loading=\"lazy\" decoding=\"async\" class=\"aligncenter size-medium wp-image-31179\" title=\"ACM-Neto11\" src=\"http:\/\/www.politicosdosuldabahia.com.br\/v1\/wp-content\/uploads\/ACM-Neto111-300x225.jpg\" alt=\"\" width=\"300\" height=\"225\" srcset=\"https:\/\/www.politicosdosuldabahia.com.br\/v1\/wp-content\/uploads\/ACM-Neto111-300x225.jpg 300w, https:\/\/www.politicosdosuldabahia.com.br\/v1\/wp-content\/uploads\/ACM-Neto111.jpg 480w\" sizes=\"(max-width: 300px) 100vw, 300px\" \/><\/a><br \/>\n<span style=\"color: #ffffff;\">.<\/span><br \/>\n<span style=\"color: #000000;\"> Na manh\u00e3 desta quarta-feira o deputado federal ACM Neto (DEM), declarou em entrevista para o radialista Orlando Cardoso, que est\u00e1 trabalhando para a alian\u00e7a com DEM, PSDB e PMDB em Itabuna.<\/span><\/h4>\n<h4 style=\"text-align: justify;\"><span style=\"color: #000000;\">Segundo Neto: \u201c Estou trabalhando para a oposi\u00e7\u00e3o se unir na elei\u00e7\u00e3o de 2012, isso \u00e9 essencial para o nosso fortalecimento em 2014. Em Itabuna estou articulando para o prefeito Capit\u00e3o Azevedo ter o apoio do PSDB e PMDB\u201d.<\/span><\/h4>\n","protected":false},"excerpt":{"rendered":"<p>. Na manh\u00e3 desta quarta-feira o deputado federal ACM Neto (DEM), declarou em entrevista para o radialista Orlando Cardoso, que est\u00e1 trabalhando para a alian\u00e7a com DEM, PSDB e PMDB em Itabuna. Segundo Neto: \u201c Estou trabalhando para a oposi\u00e7\u00e3o se unir na elei\u00e7\u00e3o de 2012, isso \u00e9 essencial para o nosso fortalecimento em 2014. [&hellip;]<\/p>\n","protected":false},"author":2,"featured_media":0,"comment_status":"open","ping_status":"open","sticky":false,"template":"","format":"standard","meta":{"footnotes":"","_links_to":"","_links_to_target":""},"categories":[1],"tags":[],"class_list":["post-31178","post","type-post","status-publish","format-standard","hentry","category-geral"],"views":1760,"_links":{"self":[{"href":"https:\/\/www.politicosdosuldabahia.com.br\/v1\/wp-json\/wp\/v2\/posts\/31178"}],"collection":[{"href":"https:\/\/www.politicosdosuldabahia.com.br\/v1\/wp-json\/wp\/v2\/posts"}],"about":[{"href":"https:\/\/www.politicosdosuldabahia.com.br\/v1\/wp-json\/wp\/v2\/types\/post"}],"author":[{"embeddable":true,"href":"https:\/\/www.politicosdosuldabahia.com.br\/v1\/wp-json\/wp\/v2\/users\/2"}],"replies":[{"embeddable":true,"href":"https:\/\/www.politicosdosuldabahia.com.br\/v1\/wp-json\/wp\/v2\/comments?post=31178"}],"version-history":[{"count":3,"href":"https:\/\/www.politicosdosuldabahia.com.br\/v1\/wp-json\/wp\/v2\/posts\/31178\/revisions"}],"predecessor-version":[{"id":31182,"href":"https:\/\/www.politicosdosuldabahia.com.br\/v1\/wp-json\/wp\/v2\/posts\/31178\/revisions\/31182"}],"wp:attachment":[{"href":"https:\/\/www.politicosdosuldabahia.com.br\/v1\/wp-json\/wp\/v2\/media?parent=31178"}],"wp:term":[{"taxonomy":"category","embeddable":true,"href":"https:\/\/www.politicosdosuldabahia.com.br\/v1\/wp-json\/wp\/v2\/categories?post=31178"},{"taxonomy":"post_tag","embeddable":true,"href":"https:\/\/www.politicosdosuldabahia.com.br\/v1\/wp-json\/wp\/v2\/tags?post=31178"}],"curies":[{"name":"wp","href":"https:\/\/api.w.org\/{rel}","templated":true}]}}