
{"id":31127,"date":"2011-11-29T15:38:00","date_gmt":"2011-11-29T17:38:00","guid":{"rendered":"http:\/\/www.politicosdosuldabahia.com.br\/v1\/?p=31127"},"modified":"2011-11-29T15:38:00","modified_gmt":"2011-11-29T17:38:00","slug":"floresta-azul-ganha-nova-agencia-do-banco-bradesco","status":"publish","type":"post","link":"https:\/\/www.politicosdosuldabahia.com.br\/v1\/2011\/11\/29\/floresta-azul-ganha-nova-agencia-do-banco-bradesco\/","title":{"rendered":"FLORESTA AZUL GANHA NOVA AG\u00caNCIA DO BANCO BRADESCO"},"content":{"rendered":"<h4 style=\"text-align: justify;\"><a href=\"http:\/\/www.politicosdosuldabahia.com.br\/v1\/wp-content\/uploads\/Inaugura\u00e7\u00e3o-de-uma-ag\u00eancia-do-Bradesco.jpg\"><img loading=\"lazy\" decoding=\"async\" class=\"aligncenter size-full wp-image-31128\" title=\"Inaugura\u00e7\u00e3o de uma ag\u00eancia do Bradesco\" src=\"http:\/\/www.politicosdosuldabahia.com.br\/v1\/wp-content\/uploads\/Inaugura\u00e7\u00e3o-de-uma-ag\u00eancia-do-Bradesco.jpg\" alt=\"\" width=\"430\" height=\"323\" srcset=\"https:\/\/www.politicosdosuldabahia.com.br\/v1\/wp-content\/uploads\/Inaugura\u00e7\u00e3o-de-uma-ag\u00eancia-do-Bradesco.jpg 1024w, https:\/\/www.politicosdosuldabahia.com.br\/v1\/wp-content\/uploads\/Inaugura\u00e7\u00e3o-de-uma-ag\u00eancia-do-Bradesco-300x225.jpg 300w\" sizes=\"(max-width: 430px) 100vw, 430px\" \/><\/a><br \/>\n<span style=\"color: #ffffff;\">.<\/span><br \/>\n<span style=\"color: #000000;\"> Como parte dos compromissos firmados com a popula\u00e7\u00e3o de Floresta Azul, a prefeita Dr\u00aa Sandra, com o apoio de lideran\u00e7as pol\u00edticas e da pr\u00f3pria institui\u00e7\u00e3o financeira inaugurou na \u00faltima segunda-feira (28) uma nova ag\u00eancia do Banco Bradesco, que havia sido desativada antes da sua gest\u00e3o. At\u00e9 pouco tempo atr\u00e1s, os moradores eram obrigados a se descolarem para outros munic\u00edpios para realizar transa\u00e7\u00f5es banc\u00e1rias.<\/span><\/h4>\n<h4 style=\"text-align: justify;\"><span style=\"color: #000000;\">\u201c\u00c9 um momento hist\u00f3rico para o nosso munic\u00edpio, com a volta de uma ag\u00eancia banc\u00e1ria, pois quando assumimos a prefeitura, o banco estava fechado e foi um compromisso de campanha, lutar pelo retorno da ag\u00eancia banc\u00e1ria para o nosso munic\u00edpio, e desde o in\u00edcio do governo viemos lutando com isso. Esse era um desejo pessoal, mas tenho certeza que \u00e9 um desejo de todos\u201d, declarou Dr\u00aa Sandra.<\/span><\/h4>\n<h4 style=\"text-align: justify;\"><span style=\"color: #000000;\">Durante o tempo em que a ag\u00eancia ficou desativada, a comunidade florestense era obrigada a se deslocarem para outros munic\u00edpios circunvizinhos para fazer as suas transa\u00e7\u00f5es bancarias. Alguns empres\u00e1rios, profissionais liberais e aposentados corriam o risco de permanecer com dinheiro em cofres de suas resid\u00eancias ou no pr\u00f3prio estabelecimento comercial.<\/span><\/h4>\n","protected":false},"excerpt":{"rendered":"<p>. Como parte dos compromissos firmados com a popula\u00e7\u00e3o de Floresta Azul, a prefeita Dr\u00aa Sandra, com o apoio de lideran\u00e7as pol\u00edticas e da pr\u00f3pria institui\u00e7\u00e3o financeira inaugurou na \u00faltima segunda-feira (28) uma nova ag\u00eancia do Banco Bradesco, que havia sido desativada antes da sua gest\u00e3o. At\u00e9 pouco tempo atr\u00e1s, os moradores eram obrigados a [&hellip;]<\/p>\n","protected":false},"author":2,"featured_media":0,"comment_status":"open","ping_status":"open","sticky":false,"template":"","format":"standard","meta":{"footnotes":"","_links_to":"","_links_to_target":""},"categories":[1],"tags":[],"class_list":["post-31127","post","type-post","status-publish","format-standard","hentry","category-geral"],"views":2517,"_links":{"self":[{"href":"https:\/\/www.politicosdosuldabahia.com.br\/v1\/wp-json\/wp\/v2\/posts\/31127"}],"collection":[{"href":"https:\/\/www.politicosdosuldabahia.com.br\/v1\/wp-json\/wp\/v2\/posts"}],"about":[{"href":"https:\/\/www.politicosdosuldabahia.com.br\/v1\/wp-json\/wp\/v2\/types\/post"}],"author":[{"embeddable":true,"href":"https:\/\/www.politicosdosuldabahia.com.br\/v1\/wp-json\/wp\/v2\/users\/2"}],"replies":[{"embeddable":true,"href":"https:\/\/www.politicosdosuldabahia.com.br\/v1\/wp-json\/wp\/v2\/comments?post=31127"}],"version-history":[{"count":3,"href":"https:\/\/www.politicosdosuldabahia.com.br\/v1\/wp-json\/wp\/v2\/posts\/31127\/revisions"}],"predecessor-version":[{"id":31131,"href":"https:\/\/www.politicosdosuldabahia.com.br\/v1\/wp-json\/wp\/v2\/posts\/31127\/revisions\/31131"}],"wp:attachment":[{"href":"https:\/\/www.politicosdosuldabahia.com.br\/v1\/wp-json\/wp\/v2\/media?parent=31127"}],"wp:term":[{"taxonomy":"category","embeddable":true,"href":"https:\/\/www.politicosdosuldabahia.com.br\/v1\/wp-json\/wp\/v2\/categories?post=31127"},{"taxonomy":"post_tag","embeddable":true,"href":"https:\/\/www.politicosdosuldabahia.com.br\/v1\/wp-json\/wp\/v2\/tags?post=31127"}],"curies":[{"name":"wp","href":"https:\/\/api.w.org\/{rel}","templated":true}]}}