
{"id":31117,"date":"2011-11-29T11:33:13","date_gmt":"2011-11-29T13:33:13","guid":{"rendered":"http:\/\/www.politicosdosuldabahia.com.br\/v1\/?p=31117"},"modified":"2011-11-29T11:33:13","modified_gmt":"2011-11-29T13:33:13","slug":"itape-pedrao-rompe-com-geraldo-simoes","status":"publish","type":"post","link":"https:\/\/www.politicosdosuldabahia.com.br\/v1\/2011\/11\/29\/itape-pedrao-rompe-com-geraldo-simoes\/","title":{"rendered":"ITAP\u00c9: PEDR\u00c3O ROMPE COM GERALDO SIM\u00d5ES"},"content":{"rendered":"<h4 style=\"text-align: justify;\"><a href=\"http:\/\/www.politicosdosuldabahia.com.br\/v1\/wp-content\/uploads\/PEDR\u00c3O-Itap\u00e9.jpg\"><img loading=\"lazy\" decoding=\"async\" class=\"aligncenter size-full wp-image-31118\" title=\"PEDR\u00c3O-Itap\u00e9\" src=\"http:\/\/www.politicosdosuldabahia.com.br\/v1\/wp-content\/uploads\/PEDR\u00c3O-Itap\u00e9.jpg\" alt=\"\" width=\"150\" height=\"197\" \/><\/a><br \/>\n<span style=\"color: #ffffff;\">.<\/span><\/h4>\n<h4 style=\"text-align: justify;\"><span style=\"color: #000000;\">Em Itap\u00e9 o ex-prefeito Pedr\u00e3o (PSB), rompeu com o deputado federal Geraldo Sim\u00f5es (PT). O ex-alcaide est\u00e1 a procura de um novo deputado federal, ele j\u00e1 manteve contato com o petista Josias Gomes (PT).<\/span><\/h4>\n<h4 style=\"text-align: justify;\"><span style=\"color: #000000;\">Pedr\u00e3o j\u00e1 definiu o seu deputado estadual, trata-se do experiente Paulo C\u00e2mera (PDT), o mesmo atualmente \u00e9 secret\u00e1rio de Ci\u00eancia, Tecnologia e Inova\u00e7\u00e3o do estado da Bahia.<\/span><\/h4>\n","protected":false},"excerpt":{"rendered":"<p>. Em Itap\u00e9 o ex-prefeito Pedr\u00e3o (PSB), rompeu com o deputado federal Geraldo Sim\u00f5es (PT). O ex-alcaide est\u00e1 a procura de um novo deputado federal, ele j\u00e1 manteve contato com o petista Josias Gomes (PT). Pedr\u00e3o j\u00e1 definiu o seu deputado estadual, trata-se do experiente Paulo C\u00e2mera (PDT), o mesmo atualmente \u00e9 secret\u00e1rio de Ci\u00eancia, [&hellip;]<\/p>\n","protected":false},"author":2,"featured_media":0,"comment_status":"open","ping_status":"open","sticky":false,"template":"","format":"standard","meta":{"footnotes":"","_links_to":"","_links_to_target":""},"categories":[1],"tags":[],"class_list":["post-31117","post","type-post","status-publish","format-standard","hentry","category-geral"],"views":2137,"_links":{"self":[{"href":"https:\/\/www.politicosdosuldabahia.com.br\/v1\/wp-json\/wp\/v2\/posts\/31117"}],"collection":[{"href":"https:\/\/www.politicosdosuldabahia.com.br\/v1\/wp-json\/wp\/v2\/posts"}],"about":[{"href":"https:\/\/www.politicosdosuldabahia.com.br\/v1\/wp-json\/wp\/v2\/types\/post"}],"author":[{"embeddable":true,"href":"https:\/\/www.politicosdosuldabahia.com.br\/v1\/wp-json\/wp\/v2\/users\/2"}],"replies":[{"embeddable":true,"href":"https:\/\/www.politicosdosuldabahia.com.br\/v1\/wp-json\/wp\/v2\/comments?post=31117"}],"version-history":[{"count":3,"href":"https:\/\/www.politicosdosuldabahia.com.br\/v1\/wp-json\/wp\/v2\/posts\/31117\/revisions"}],"predecessor-version":[{"id":31121,"href":"https:\/\/www.politicosdosuldabahia.com.br\/v1\/wp-json\/wp\/v2\/posts\/31117\/revisions\/31121"}],"wp:attachment":[{"href":"https:\/\/www.politicosdosuldabahia.com.br\/v1\/wp-json\/wp\/v2\/media?parent=31117"}],"wp:term":[{"taxonomy":"category","embeddable":true,"href":"https:\/\/www.politicosdosuldabahia.com.br\/v1\/wp-json\/wp\/v2\/categories?post=31117"},{"taxonomy":"post_tag","embeddable":true,"href":"https:\/\/www.politicosdosuldabahia.com.br\/v1\/wp-json\/wp\/v2\/tags?post=31117"}],"curies":[{"name":"wp","href":"https:\/\/api.w.org\/{rel}","templated":true}]}}