
{"id":30945,"date":"2011-11-24T21:25:38","date_gmt":"2011-11-24T23:25:38","guid":{"rendered":"http:\/\/www.politicosdosuldabahia.com.br\/v1\/?p=30945"},"modified":"2011-11-24T21:25:38","modified_gmt":"2011-11-24T23:25:38","slug":"angela-sousa-participou-de-audiencia-sobre-demarcacao-de-terras","status":"publish","type":"post","link":"https:\/\/www.politicosdosuldabahia.com.br\/v1\/2011\/11\/24\/angela-sousa-participou-de-audiencia-sobre-demarcacao-de-terras\/","title":{"rendered":"\u00c2NGELA SOUSA PARTICIPOU DE AUDI\u00caNCIA SOBRE  DEMARCA\u00c7\u00c3O DE TERRAS"},"content":{"rendered":"<h4 style=\"text-align: justify;\"><a href=\"http:\/\/www.politicosdosuldabahia.com.br\/v1\/wp-content\/uploads\/Audiencia-Sec.-Justi\u00e7a.jpg\"><img loading=\"lazy\" decoding=\"async\" class=\"aligncenter size-medium wp-image-30946\" title=\"Audiencia  Sec. Justi\u00e7a\" src=\"http:\/\/www.politicosdosuldabahia.com.br\/v1\/wp-content\/uploads\/Audiencia-Sec.-Justi\u00e7a-300x225.jpg\" alt=\"\" width=\"300\" height=\"225\" srcset=\"https:\/\/www.politicosdosuldabahia.com.br\/v1\/wp-content\/uploads\/Audiencia-Sec.-Justi\u00e7a-300x225.jpg 300w, https:\/\/www.politicosdosuldabahia.com.br\/v1\/wp-content\/uploads\/Audiencia-Sec.-Justi\u00e7a.jpg 700w\" sizes=\"(max-width: 300px) 100vw, 300px\" \/><\/a><br \/>\n<span style=\"color: #000000;\">.<\/span><\/h4>\n<h4 style=\"text-align: justify;\"><span style=\"color: #000000;\">Foi realizado no ultimo dia 21 na Secretaria de Justi\u00e7a, Cidadania e Direitos Humanos da Bahia, uma audi\u00eancia sobre as quatro demarca\u00e7\u00f5es que a Bahia enfrenta. A deputada estadual \u00c2ngela Sousa (PSD) que j\u00e1 vem buscando juntamente com os pequenos produtores rurais, arregimentar for\u00e7as para que os \u00f3rg\u00e3os competentes busquem uma solu\u00e7\u00e3o pacifica para a situa\u00e7\u00e3o. Participaram da audi\u00eancia o Secret\u00e1rio de Justi\u00e7a Almiro Sena, o vice-presidente da FAEB \u2013 Federa\u00e7\u00e3o de Agricultura e Pecu\u00e1ria do Estado da Bahia, Jos\u00e9 Mendes e os assessores Carlos Bahia e Vanessa Mello, al\u00e9m dos representantes dos pequenos produtores rurais das regi\u00f5es onde est\u00e3o sendo discutidas as demarca\u00e7\u00f5es.<\/span><\/h4>\n<h4 style=\"text-align: justify;\"><span style=\"color: #000000;\">Com o objetivo de nutrir e fazer com que o governo do estado tenha mais a\u00e7\u00e3o frente \u00e0 situa\u00e7\u00e3o de demarca\u00e7\u00f5es de terras ind\u00edgenas no sul e extrema sul da Bahia, ficou definido na reuni\u00e3o a cria\u00e7\u00e3o de um &#8220;GT &#8211; Grupo de Trabalho&#8221; parit\u00e1rio, composto pelos representantes dos produtores rurais, Governo do Estado atrav\u00e9s das Secret\u00e1rias de Justi\u00e7a e Secret\u00e1ria de Rela\u00e7\u00f5es Institucionais), ind\u00edgenas, parlamentares(deputados estaduais , que j\u00e1 est\u00e3o sendo informados das situa\u00e7\u00f5es .<\/span><\/h4>\n<h4 style=\"text-align: justify;\"><span style=\"color: #000000;\">Vale lembrar que a deputada \u00c2ngela Sousa fez o encaminhamento para a Comiss\u00e3o de Agricultura e Pol\u00edtica Rural da Assembleia Legislativa do estado para que seja inseridos em seus trabalhos esse importante tema.<\/span><\/h4>\n","protected":false},"excerpt":{"rendered":"<p>. Foi realizado no ultimo dia 21 na Secretaria de Justi\u00e7a, Cidadania e Direitos Humanos da Bahia, uma audi\u00eancia sobre as quatro demarca\u00e7\u00f5es que a Bahia enfrenta. A deputada estadual \u00c2ngela Sousa (PSD) que j\u00e1 vem buscando juntamente com os pequenos produtores rurais, arregimentar for\u00e7as para que os \u00f3rg\u00e3os competentes busquem uma solu\u00e7\u00e3o pacifica para [&hellip;]<\/p>\n","protected":false},"author":2,"featured_media":0,"comment_status":"open","ping_status":"open","sticky":false,"template":"","format":"standard","meta":{"footnotes":"","_links_to":"","_links_to_target":""},"categories":[1],"tags":[],"class_list":["post-30945","post","type-post","status-publish","format-standard","hentry","category-geral"],"views":1042,"_links":{"self":[{"href":"https:\/\/www.politicosdosuldabahia.com.br\/v1\/wp-json\/wp\/v2\/posts\/30945"}],"collection":[{"href":"https:\/\/www.politicosdosuldabahia.com.br\/v1\/wp-json\/wp\/v2\/posts"}],"about":[{"href":"https:\/\/www.politicosdosuldabahia.com.br\/v1\/wp-json\/wp\/v2\/types\/post"}],"author":[{"embeddable":true,"href":"https:\/\/www.politicosdosuldabahia.com.br\/v1\/wp-json\/wp\/v2\/users\/2"}],"replies":[{"embeddable":true,"href":"https:\/\/www.politicosdosuldabahia.com.br\/v1\/wp-json\/wp\/v2\/comments?post=30945"}],"version-history":[{"count":2,"href":"https:\/\/www.politicosdosuldabahia.com.br\/v1\/wp-json\/wp\/v2\/posts\/30945\/revisions"}],"predecessor-version":[{"id":30948,"href":"https:\/\/www.politicosdosuldabahia.com.br\/v1\/wp-json\/wp\/v2\/posts\/30945\/revisions\/30948"}],"wp:attachment":[{"href":"https:\/\/www.politicosdosuldabahia.com.br\/v1\/wp-json\/wp\/v2\/media?parent=30945"}],"wp:term":[{"taxonomy":"category","embeddable":true,"href":"https:\/\/www.politicosdosuldabahia.com.br\/v1\/wp-json\/wp\/v2\/categories?post=30945"},{"taxonomy":"post_tag","embeddable":true,"href":"https:\/\/www.politicosdosuldabahia.com.br\/v1\/wp-json\/wp\/v2\/tags?post=30945"}],"curies":[{"name":"wp","href":"https:\/\/api.w.org\/{rel}","templated":true}]}}