
{"id":30595,"date":"2011-11-16T19:57:03","date_gmt":"2011-11-16T21:57:03","guid":{"rendered":"http:\/\/www.politicosdosuldabahia.com.br\/v1\/?p=30595"},"modified":"2011-11-16T19:57:03","modified_gmt":"2011-11-16T21:57:03","slug":"lula-sem-barba-e-cabelo","status":"publish","type":"post","link":"https:\/\/www.politicosdosuldabahia.com.br\/v1\/2011\/11\/16\/lula-sem-barba-e-cabelo\/","title":{"rendered":"LULA SEM BARBA E CABELO"},"content":{"rendered":"<h4 style=\"text-align: justify;\"><a href=\"http:\/\/www.politicosdosuldabahia.com.br\/v1\/wp-content\/uploads\/lulafot.jpg\"><img loading=\"lazy\" decoding=\"async\" class=\"aligncenter size-full wp-image-30596\" title=\"lulafot\" src=\"http:\/\/www.politicosdosuldabahia.com.br\/v1\/wp-content\/uploads\/lulafot.jpg\" alt=\"\" width=\"415\" height=\"444\" srcset=\"https:\/\/www.politicosdosuldabahia.com.br\/v1\/wp-content\/uploads\/lulafot.jpg 415w, https:\/\/www.politicosdosuldabahia.com.br\/v1\/wp-content\/uploads\/lulafot-280x300.jpg 280w\" sizes=\"(max-width: 415px) 100vw, 415px\" \/><\/a><br \/>\n<span style=\"color: #ffffff;\">.<\/span><br \/>\n<span style=\"color: #000000;\"> Do \u201c Estad\u00e3o\u201d.<\/span><\/h4>\n<h4 style=\"text-align: justify;\"><span style=\"color: #000000;\">O ex-presidente Lula divulgou h\u00e1 pouco, no site do Instituto Cidadania, fotos suas sem cabelo e a barba que marcou sua trajet\u00f3ria como sindicalista e pol\u00edtico.<\/span><\/h4>\n<h4 style=\"text-align: justify;\"><span style=\"color: #000000;\">Segundo sua assessoria, a ex-primeira-dama Marisa Let\u00edcia raspou a barba e o cabelo de Lula, se antecipando aos poss\u00edveis efeitos da quimioterapia, que ser\u00e1 retomada na segunda-feira.<\/span><\/h4>\n<h4 style=\"text-align: justify;\"><span style=\"color: #000000;\">Ele est\u00e1 em tratamento contra c\u00e2ncer de laringe.<\/span><\/h4>\n","protected":false},"excerpt":{"rendered":"<p>. Do \u201c Estad\u00e3o\u201d. O ex-presidente Lula divulgou h\u00e1 pouco, no site do Instituto Cidadania, fotos suas sem cabelo e a barba que marcou sua trajet\u00f3ria como sindicalista e pol\u00edtico. Segundo sua assessoria, a ex-primeira-dama Marisa Let\u00edcia raspou a barba e o cabelo de Lula, se antecipando aos poss\u00edveis efeitos da quimioterapia, que ser\u00e1 retomada [&hellip;]<\/p>\n","protected":false},"author":2,"featured_media":0,"comment_status":"open","ping_status":"open","sticky":false,"template":"","format":"standard","meta":{"footnotes":"","_links_to":"","_links_to_target":""},"categories":[1],"tags":[],"class_list":["post-30595","post","type-post","status-publish","format-standard","hentry","category-geral"],"views":1716,"_links":{"self":[{"href":"https:\/\/www.politicosdosuldabahia.com.br\/v1\/wp-json\/wp\/v2\/posts\/30595"}],"collection":[{"href":"https:\/\/www.politicosdosuldabahia.com.br\/v1\/wp-json\/wp\/v2\/posts"}],"about":[{"href":"https:\/\/www.politicosdosuldabahia.com.br\/v1\/wp-json\/wp\/v2\/types\/post"}],"author":[{"embeddable":true,"href":"https:\/\/www.politicosdosuldabahia.com.br\/v1\/wp-json\/wp\/v2\/users\/2"}],"replies":[{"embeddable":true,"href":"https:\/\/www.politicosdosuldabahia.com.br\/v1\/wp-json\/wp\/v2\/comments?post=30595"}],"version-history":[{"count":2,"href":"https:\/\/www.politicosdosuldabahia.com.br\/v1\/wp-json\/wp\/v2\/posts\/30595\/revisions"}],"predecessor-version":[{"id":30598,"href":"https:\/\/www.politicosdosuldabahia.com.br\/v1\/wp-json\/wp\/v2\/posts\/30595\/revisions\/30598"}],"wp:attachment":[{"href":"https:\/\/www.politicosdosuldabahia.com.br\/v1\/wp-json\/wp\/v2\/media?parent=30595"}],"wp:term":[{"taxonomy":"category","embeddable":true,"href":"https:\/\/www.politicosdosuldabahia.com.br\/v1\/wp-json\/wp\/v2\/categories?post=30595"},{"taxonomy":"post_tag","embeddable":true,"href":"https:\/\/www.politicosdosuldabahia.com.br\/v1\/wp-json\/wp\/v2\/tags?post=30595"}],"curies":[{"name":"wp","href":"https:\/\/api.w.org\/{rel}","templated":true}]}}