
{"id":28464,"date":"2011-09-20T16:12:29","date_gmt":"2011-09-20T19:12:29","guid":{"rendered":"http:\/\/www.politicosdosuldabahia.com.br\/v1\/?p=28464"},"modified":"2011-09-20T12:16:37","modified_gmt":"2011-09-20T15:16:37","slug":"itajuipe-gilka-badaro-mostrou-forca","status":"publish","type":"post","link":"https:\/\/www.politicosdosuldabahia.com.br\/v1\/2011\/09\/20\/itajuipe-gilka-badaro-mostrou-forca\/","title":{"rendered":"ITAJU\u00cdPE: GILKA BADAR\u00d3 MOSTROU FOR\u00c7A"},"content":{"rendered":"<h4 style=\"text-align: justify;\"><a href=\"http:\/\/www.politicosdosuldabahia.com.br\/v1\/wp-content\/uploads\/gilka1.jpg\"><img loading=\"lazy\" decoding=\"async\" class=\"aligncenter size-medium wp-image-28465\" title=\"gilka\" src=\"http:\/\/www.politicosdosuldabahia.com.br\/v1\/wp-content\/uploads\/gilka1-300x225.jpg\" alt=\"\" width=\"300\" height=\"225\" srcset=\"https:\/\/www.politicosdosuldabahia.com.br\/v1\/wp-content\/uploads\/gilka1-300x225.jpg 300w, https:\/\/www.politicosdosuldabahia.com.br\/v1\/wp-content\/uploads\/gilka1.jpg 800w\" sizes=\"(max-width: 300px) 100vw, 300px\" \/><\/a><br \/>\n<span style=\"color: #ffffff;\">.<\/span><br \/>\n<span style=\"color: #000000;\"> Em recente pesquisa realizada em Itaju\u00edpe mostrou que a ex-prefeita Gilka Badar\u00f3 (PSB), continua tendo uma expressiva densidade eleitoral no munic\u00edpio. Mesmo morando tanto tempo longe da cidade, ela continua sendo uma grande lideran\u00e7a.<\/span><\/h4>\n<h4 style=\"text-align: justify;\"><span style=\"color: #000000;\">Se fosse no utomobilismo , Gilka seria a pole position, seguida pela vice-prefeita Graciela Dantas (PP). Sendo que o tempo de Gilka \u00e9 muito melhor que o da segunda colocada no grid de largada.<\/span><\/h4>\n","protected":false},"excerpt":{"rendered":"<p>. Em recente pesquisa realizada em Itaju\u00edpe mostrou que a ex-prefeita Gilka Badar\u00f3 (PSB), continua tendo uma expressiva densidade eleitoral no munic\u00edpio. Mesmo morando tanto tempo longe da cidade, ela continua sendo uma grande lideran\u00e7a. Se fosse no utomobilismo , Gilka seria a pole position, seguida pela vice-prefeita Graciela Dantas (PP). Sendo que o tempo [&hellip;]<\/p>\n","protected":false},"author":2,"featured_media":0,"comment_status":"open","ping_status":"open","sticky":false,"template":"","format":"standard","meta":{"footnotes":"","_links_to":"","_links_to_target":""},"categories":[1],"tags":[],"class_list":["post-28464","post","type-post","status-publish","format-standard","hentry","category-geral"],"views":3270,"_links":{"self":[{"href":"https:\/\/www.politicosdosuldabahia.com.br\/v1\/wp-json\/wp\/v2\/posts\/28464"}],"collection":[{"href":"https:\/\/www.politicosdosuldabahia.com.br\/v1\/wp-json\/wp\/v2\/posts"}],"about":[{"href":"https:\/\/www.politicosdosuldabahia.com.br\/v1\/wp-json\/wp\/v2\/types\/post"}],"author":[{"embeddable":true,"href":"https:\/\/www.politicosdosuldabahia.com.br\/v1\/wp-json\/wp\/v2\/users\/2"}],"replies":[{"embeddable":true,"href":"https:\/\/www.politicosdosuldabahia.com.br\/v1\/wp-json\/wp\/v2\/comments?post=28464"}],"version-history":[{"count":3,"href":"https:\/\/www.politicosdosuldabahia.com.br\/v1\/wp-json\/wp\/v2\/posts\/28464\/revisions"}],"predecessor-version":[{"id":28468,"href":"https:\/\/www.politicosdosuldabahia.com.br\/v1\/wp-json\/wp\/v2\/posts\/28464\/revisions\/28468"}],"wp:attachment":[{"href":"https:\/\/www.politicosdosuldabahia.com.br\/v1\/wp-json\/wp\/v2\/media?parent=28464"}],"wp:term":[{"taxonomy":"category","embeddable":true,"href":"https:\/\/www.politicosdosuldabahia.com.br\/v1\/wp-json\/wp\/v2\/categories?post=28464"},{"taxonomy":"post_tag","embeddable":true,"href":"https:\/\/www.politicosdosuldabahia.com.br\/v1\/wp-json\/wp\/v2\/tags?post=28464"}],"curies":[{"name":"wp","href":"https:\/\/api.w.org\/{rel}","templated":true}]}}