
{"id":27574,"date":"2011-08-29T16:49:31","date_gmt":"2011-08-29T19:49:31","guid":{"rendered":"http:\/\/www.politicosdosuldabahia.com.br\/v1\/?p=27574"},"modified":"2011-08-29T15:22:15","modified_gmt":"2011-08-29T18:22:15","slug":"santa-cruz-da-vitoria-ex-prefeito-perdeu-o-comando-de-partido","status":"publish","type":"post","link":"https:\/\/www.politicosdosuldabahia.com.br\/v1\/2011\/08\/29\/santa-cruz-da-vitoria-ex-prefeito-perdeu-o-comando-de-partido\/","title":{"rendered":"SANTA CRUZ DA VIT\u00d3RIA: EX-PREFEITO PERDEU O COMANDO DE PARTIDO"},"content":{"rendered":"<h4 style=\"text-align: justify;\"><a href=\"http:\/\/www.politicosdosuldabahia.com.br\/v1\/wp-content\/uploads\/st21.jpg\"><img loading=\"lazy\" decoding=\"async\" class=\"aligncenter size-full wp-image-27575\" title=\"st2\" src=\"http:\/\/www.politicosdosuldabahia.com.br\/v1\/wp-content\/uploads\/st21.jpg\" alt=\"\" width=\"448\" height=\"336\" srcset=\"https:\/\/www.politicosdosuldabahia.com.br\/v1\/wp-content\/uploads\/st21.jpg 640w, https:\/\/www.politicosdosuldabahia.com.br\/v1\/wp-content\/uploads\/st21-300x225.jpg 300w\" sizes=\"(max-width: 448px) 100vw, 448px\" \/><\/a><br \/>\n<span style=\"color: #ffffff;\">.<\/span><br \/>\n<span style=\"color: #000000;\"> Em Santa Cruz da Vit\u00f3ria o prefeito Jackson Bonfim (PP), conseguiu tomar o partido do ex-prefeito Carlos Andr\u00e9(foto). O atual alcaide conseguiu junto ao diret\u00f3rio estadual do PTC o comando do diret\u00f3rio no munic\u00edpio.<\/span><\/h4>\n<h4 style=\"text-align: justify;\"><span style=\"color: #000000;\">No \u00faltimo dia 22 o diret\u00f3rio estadual oficializou a nova dire\u00e7\u00e3o do partido no munic\u00edpio, sendo que uma irm\u00e3 do prefeito faz parte da dire\u00e7\u00e3o, assim como pessoas ligadas ao ex-prefeito Chico Olavo.<\/span><\/h4>\n<h4 style=\"text-align: justify;\"><span style=\"color: #000000;\">Com essa manobra o ex-prefeito Carlos Andr\u00e9 tem at\u00e9 o final de setembro para definir o seu novo partido, por ser ligado ao deputado ACM Neto (DEM), ele poder\u00e1 se filiar no DEM. Vale lembrar que ele lidera todas as pesquisas realizadas no munic\u00edpio.<\/span><\/h4>\n","protected":false},"excerpt":{"rendered":"<p>. Em Santa Cruz da Vit\u00f3ria o prefeito Jackson Bonfim (PP), conseguiu tomar o partido do ex-prefeito Carlos Andr\u00e9(foto). O atual alcaide conseguiu junto ao diret\u00f3rio estadual do PTC o comando do diret\u00f3rio no munic\u00edpio. No \u00faltimo dia 22 o diret\u00f3rio estadual oficializou a nova dire\u00e7\u00e3o do partido no munic\u00edpio, sendo que uma irm\u00e3 do [&hellip;]<\/p>\n","protected":false},"author":2,"featured_media":0,"comment_status":"open","ping_status":"open","sticky":false,"template":"","format":"standard","meta":{"footnotes":"","_links_to":"","_links_to_target":""},"categories":[1],"tags":[],"class_list":["post-27574","post","type-post","status-publish","format-standard","hentry","category-geral"],"views":2392,"_links":{"self":[{"href":"https:\/\/www.politicosdosuldabahia.com.br\/v1\/wp-json\/wp\/v2\/posts\/27574"}],"collection":[{"href":"https:\/\/www.politicosdosuldabahia.com.br\/v1\/wp-json\/wp\/v2\/posts"}],"about":[{"href":"https:\/\/www.politicosdosuldabahia.com.br\/v1\/wp-json\/wp\/v2\/types\/post"}],"author":[{"embeddable":true,"href":"https:\/\/www.politicosdosuldabahia.com.br\/v1\/wp-json\/wp\/v2\/users\/2"}],"replies":[{"embeddable":true,"href":"https:\/\/www.politicosdosuldabahia.com.br\/v1\/wp-json\/wp\/v2\/comments?post=27574"}],"version-history":[{"count":2,"href":"https:\/\/www.politicosdosuldabahia.com.br\/v1\/wp-json\/wp\/v2\/posts\/27574\/revisions"}],"predecessor-version":[{"id":27577,"href":"https:\/\/www.politicosdosuldabahia.com.br\/v1\/wp-json\/wp\/v2\/posts\/27574\/revisions\/27577"}],"wp:attachment":[{"href":"https:\/\/www.politicosdosuldabahia.com.br\/v1\/wp-json\/wp\/v2\/media?parent=27574"}],"wp:term":[{"taxonomy":"category","embeddable":true,"href":"https:\/\/www.politicosdosuldabahia.com.br\/v1\/wp-json\/wp\/v2\/categories?post=27574"},{"taxonomy":"post_tag","embeddable":true,"href":"https:\/\/www.politicosdosuldabahia.com.br\/v1\/wp-json\/wp\/v2\/tags?post=27574"}],"curies":[{"name":"wp","href":"https:\/\/api.w.org\/{rel}","templated":true}]}}