
{"id":27007,"date":"2011-08-16T22:05:25","date_gmt":"2011-08-17T01:05:25","guid":{"rendered":"http:\/\/www.politicosdosuldabahia.com.br\/v1\/?p=27007"},"modified":"2011-08-16T22:05:25","modified_gmt":"2011-08-17T01:05:25","slug":"camamu-prefeita-cassada-pelo-tse","status":"publish","type":"post","link":"https:\/\/www.politicosdosuldabahia.com.br\/v1\/2011\/08\/16\/camamu-prefeita-cassada-pelo-tse\/","title":{"rendered":"CAMAMU: PREFEITA CASSADA PELO TSE"},"content":{"rendered":"<h4 style=\"text-align: justify;\"><a href=\"http:\/\/www.politicosdosuldabahia.com.br\/v1\/wp-content\/uploads\/ion\u00e1queiroz.jpg\"><img loading=\"lazy\" decoding=\"async\" class=\"aligncenter size-medium wp-image-27008\" title=\"ion\u00e1queiroz\" src=\"http:\/\/www.politicosdosuldabahia.com.br\/v1\/wp-content\/uploads\/ion\u00e1queiroz-300x271.jpg\" alt=\"\" width=\"300\" height=\"271\" srcset=\"https:\/\/www.politicosdosuldabahia.com.br\/v1\/wp-content\/uploads\/ion\u00e1queiroz-300x271.jpg 300w, https:\/\/www.politicosdosuldabahia.com.br\/v1\/wp-content\/uploads\/ion\u00e1queiroz.jpg 849w\" sizes=\"(max-width: 300px) 100vw, 300px\" \/><\/a><br \/>\n<span style=\"color: #ffffff;\">.<\/span><br \/>\n<span style=\"color: #000000;\"> A prefeita de Camamu, munic\u00edpio do baixo-sul baiano, Ion\u00e1 Queiroz (PT), teve o mandato cassado pelo Tribunal Superior Eleitoral (TSE). Um ac\u00f3rd\u00e3o similar j\u00e1 havia sido pronunciado pelo Tribunal Regional Eleitoral (TRE) em dezembro de 2010, mas a gestora recorreu da decis\u00e3o e conseguiu limitar da inst\u00e2ncia superior para que continuasse no cargo at\u00e9 um novo julgamento.<\/span><\/h4>\n<h4 style=\"text-align: justify;\"><span style=\"color: #000000;\">Nesta ter\u00e7a-feira (16), o colegiado de magistrados do TSE votou, em unanimidade, pela cassa\u00e7\u00e3o da alcaide e determinou que Am\u00e9rico Jos\u00e9 da Silva (PR), segundo colocado no pleito de 2008, assuma a prefeitura. Ion\u00e1 foi condenada por abuso de poder econ\u00f4mico e pol\u00edtico por ter distribu\u00eddo alimentos e roupas durante a campanha eleitoral.<\/span><\/h4>\n<h4 style=\"text-align: justify;\"><span style=\"color: #000000;\">Do &#8220;Bahia Not\u00edcias&#8221;.<\/span><\/h4>\n","protected":false},"excerpt":{"rendered":"<p>. A prefeita de Camamu, munic\u00edpio do baixo-sul baiano, Ion\u00e1 Queiroz (PT), teve o mandato cassado pelo Tribunal Superior Eleitoral (TSE). Um ac\u00f3rd\u00e3o similar j\u00e1 havia sido pronunciado pelo Tribunal Regional Eleitoral (TRE) em dezembro de 2010, mas a gestora recorreu da decis\u00e3o e conseguiu limitar da inst\u00e2ncia superior para que continuasse no cargo at\u00e9 [&hellip;]<\/p>\n","protected":false},"author":2,"featured_media":0,"comment_status":"open","ping_status":"open","sticky":false,"template":"","format":"standard","meta":{"footnotes":"","_links_to":"","_links_to_target":""},"categories":[1],"tags":[],"class_list":["post-27007","post","type-post","status-publish","format-standard","hentry","category-geral"],"views":3387,"_links":{"self":[{"href":"https:\/\/www.politicosdosuldabahia.com.br\/v1\/wp-json\/wp\/v2\/posts\/27007"}],"collection":[{"href":"https:\/\/www.politicosdosuldabahia.com.br\/v1\/wp-json\/wp\/v2\/posts"}],"about":[{"href":"https:\/\/www.politicosdosuldabahia.com.br\/v1\/wp-json\/wp\/v2\/types\/post"}],"author":[{"embeddable":true,"href":"https:\/\/www.politicosdosuldabahia.com.br\/v1\/wp-json\/wp\/v2\/users\/2"}],"replies":[{"embeddable":true,"href":"https:\/\/www.politicosdosuldabahia.com.br\/v1\/wp-json\/wp\/v2\/comments?post=27007"}],"version-history":[{"count":3,"href":"https:\/\/www.politicosdosuldabahia.com.br\/v1\/wp-json\/wp\/v2\/posts\/27007\/revisions"}],"predecessor-version":[{"id":27011,"href":"https:\/\/www.politicosdosuldabahia.com.br\/v1\/wp-json\/wp\/v2\/posts\/27007\/revisions\/27011"}],"wp:attachment":[{"href":"https:\/\/www.politicosdosuldabahia.com.br\/v1\/wp-json\/wp\/v2\/media?parent=27007"}],"wp:term":[{"taxonomy":"category","embeddable":true,"href":"https:\/\/www.politicosdosuldabahia.com.br\/v1\/wp-json\/wp\/v2\/categories?post=27007"},{"taxonomy":"post_tag","embeddable":true,"href":"https:\/\/www.politicosdosuldabahia.com.br\/v1\/wp-json\/wp\/v2\/tags?post=27007"}],"curies":[{"name":"wp","href":"https:\/\/api.w.org\/{rel}","templated":true}]}}