
{"id":25782,"date":"2011-07-17T14:01:44","date_gmt":"2011-07-17T17:01:44","guid":{"rendered":"http:\/\/www.politicosdosuldabahia.com.br\/v1\/?p=25782"},"modified":"2011-07-17T11:08:15","modified_gmt":"2011-07-17T14:08:15","slug":"itabuna-coronel-santana-tem-que-se-definir","status":"publish","type":"post","link":"https:\/\/www.politicosdosuldabahia.com.br\/v1\/2011\/07\/17\/itabuna-coronel-santana-tem-que-se-definir\/","title":{"rendered":"ITABUNA: CORONEL SANTANA TEM QUE SE DEFINIR"},"content":{"rendered":"<div class=\"mceTemp mceIEcenter\" style=\"text-align: center;\">\n<dl id=\"attachment_25783\" class=\"wp-caption aligncenter\" style=\"width: 491px;\">\n<dt class=\"wp-caption-dt\"><a href=\"http:\/\/www.politicosdosuldabahia.com.br\/v1\/wp-content\/uploads\/al.jpg\"><img loading=\"lazy\" decoding=\"async\" class=\"size-full wp-image-25783   \" title=\"al\" src=\"http:\/\/www.politicosdosuldabahia.com.br\/v1\/wp-content\/uploads\/al.jpg\" alt=\"\" width=\"481\" height=\"360\" srcset=\"https:\/\/www.politicosdosuldabahia.com.br\/v1\/wp-content\/uploads\/al.jpg 716w, https:\/\/www.politicosdosuldabahia.com.br\/v1\/wp-content\/uploads\/al-300x224.jpg 300w\" sizes=\"(max-width: 481px) 100vw, 481px\" \/><\/a><\/dt>\n<p>Coronel Santana no evento do Capit\u00e3o Azevedo.<\/dl>\n<\/div>\n<h4 style=\"text-align: justify;\"><span style=\"color: #ffffff;\">.<\/span><br \/>\nO deputado estadual Coronel Santana (PTN), tem que se decidir politicamente, j\u00e1 que pol\u00edtica \u00e9 uma miss\u00e3o profissional, n\u00e3o para amador. Pol\u00edtico tem que ter lado, n\u00e3o pode ficar indeciso.<\/h4>\n<h4 style=\"text-align: justify;\">Durante a semana o Coronel declarou em um programa na TV Itabuna se o prefeito Capit\u00e3o Azevedo (DEM), quiser, pode exonerar a sua irm\u00e3, Gilnay Santana no Hospital de BASE, assim como Marina Silva da secretaria de assist\u00eancia Social da prefeitura. ( ambas foram sua indica\u00e7\u00e3o).<\/h4>\n<h4 style=\"text-align: justify;\">Isso mostra que Coronel est\u00e1 apenas aguardando um motivo para sair como vitima e romper politicamente com o prefeito. Assim ele teria um discurso para lan\u00e7ar a sua candidatura a prefeito na sucess\u00e3o de Azevedo.<\/h4>\n<h4 style=\"text-align: justify;\">O certo \u00e9 que Santana \u00e9 candidato, mas ningu\u00e9m entendeu o que ele foi fazer na conven\u00e7\u00e3o do DEM neste s\u00e1bado. O evento foi para chancelar a continua\u00e7\u00e3o do prefeito no partido, foi evento evidentemente para o prefeito Capit\u00e3o Azevedo.<\/h4>\n","protected":false},"excerpt":{"rendered":"<p>Coronel Santana no evento do Capit\u00e3o Azevedo. . O deputado estadual Coronel Santana (PTN), tem que se decidir politicamente, j\u00e1 que pol\u00edtica \u00e9 uma miss\u00e3o profissional, n\u00e3o para amador. Pol\u00edtico tem que ter lado, n\u00e3o pode ficar indeciso. Durante a semana o Coronel declarou em um programa na TV Itabuna se o prefeito Capit\u00e3o Azevedo [&hellip;]<\/p>\n","protected":false},"author":2,"featured_media":0,"comment_status":"open","ping_status":"open","sticky":false,"template":"","format":"standard","meta":{"footnotes":"","_links_to":"","_links_to_target":""},"categories":[1],"tags":[],"class_list":["post-25782","post","type-post","status-publish","format-standard","hentry","category-geral"],"views":1935,"_links":{"self":[{"href":"https:\/\/www.politicosdosuldabahia.com.br\/v1\/wp-json\/wp\/v2\/posts\/25782"}],"collection":[{"href":"https:\/\/www.politicosdosuldabahia.com.br\/v1\/wp-json\/wp\/v2\/posts"}],"about":[{"href":"https:\/\/www.politicosdosuldabahia.com.br\/v1\/wp-json\/wp\/v2\/types\/post"}],"author":[{"embeddable":true,"href":"https:\/\/www.politicosdosuldabahia.com.br\/v1\/wp-json\/wp\/v2\/users\/2"}],"replies":[{"embeddable":true,"href":"https:\/\/www.politicosdosuldabahia.com.br\/v1\/wp-json\/wp\/v2\/comments?post=25782"}],"version-history":[{"count":3,"href":"https:\/\/www.politicosdosuldabahia.com.br\/v1\/wp-json\/wp\/v2\/posts\/25782\/revisions"}],"predecessor-version":[{"id":25786,"href":"https:\/\/www.politicosdosuldabahia.com.br\/v1\/wp-json\/wp\/v2\/posts\/25782\/revisions\/25786"}],"wp:attachment":[{"href":"https:\/\/www.politicosdosuldabahia.com.br\/v1\/wp-json\/wp\/v2\/media?parent=25782"}],"wp:term":[{"taxonomy":"category","embeddable":true,"href":"https:\/\/www.politicosdosuldabahia.com.br\/v1\/wp-json\/wp\/v2\/categories?post=25782"},{"taxonomy":"post_tag","embeddable":true,"href":"https:\/\/www.politicosdosuldabahia.com.br\/v1\/wp-json\/wp\/v2\/tags?post=25782"}],"curies":[{"name":"wp","href":"https:\/\/api.w.org\/{rel}","templated":true}]}}