
{"id":25570,"date":"2011-07-12T21:09:58","date_gmt":"2011-07-13T00:09:58","guid":{"rendered":"http:\/\/www.politicosdosuldabahia.com.br\/v1\/?p=25570"},"modified":"2011-07-12T21:09:58","modified_gmt":"2011-07-13T00:09:58","slug":"estadualizacao-do-hospital-de-base-de-itabuna","status":"publish","type":"post","link":"https:\/\/www.politicosdosuldabahia.com.br\/v1\/2011\/07\/12\/estadualizacao-do-hospital-de-base-de-itabuna\/","title":{"rendered":"ESTADUALIZA\u00c7\u00c3O DO HOSPITAL DE BASE DE ITABUNA"},"content":{"rendered":"<p style=\"text-align: center;\"><a href=\"http:\/\/www.politicosdosuldabahia.com.br\/v1\/wp-content\/uploads\/ricardo3.jpg\"><img loading=\"lazy\" decoding=\"async\" class=\"aligncenter size-full wp-image-25571\" title=\"ricardo\" src=\"http:\/\/www.politicosdosuldabahia.com.br\/v1\/wp-content\/uploads\/ricardo3.jpg\" alt=\"\" width=\"388\" height=\"377\" srcset=\"https:\/\/www.politicosdosuldabahia.com.br\/v1\/wp-content\/uploads\/ricardo3.jpg 791w, https:\/\/www.politicosdosuldabahia.com.br\/v1\/wp-content\/uploads\/ricardo3-300x291.jpg 300w\" sizes=\"(max-width: 388px) 100vw, 388px\" \/><\/a><\/p>\n<h4 style=\"text-align: justify;\"><span style=\"color: #ffffff;\">.<\/span><br \/>\n<span style=\"color: #000000;\"> A Central dos Trabalhadores e Trabalhadoras do Brasil (CTB\/Regional Sul da Bahia) e sindicatos filiados estar\u00e3o mais uma vez realizando manifesta\u00e7\u00e3o pela estadualiza\u00e7\u00e3o do Hospital de Base Luis Eduardo Magalh\u00e3es (HBLEM) nesta quinta-feira, dia 14 de julho, \u00e0s 10 horas na Pra\u00e7a Adami.<\/span><\/h4>\n<h4 style=\"text-align: justify;\"><span style=\"color: #000000;\">Durante a manifesta\u00e7\u00e3o, os militantes da CTB estar\u00e3o distribuindo adesivos (foto) da campanha organizada pelo Movimento pela Estadualiza\u00e7\u00e3o do Hospital de Base.<\/span><\/h4>\n","protected":false},"excerpt":{"rendered":"<p>. A Central dos Trabalhadores e Trabalhadoras do Brasil (CTB\/Regional Sul da Bahia) e sindicatos filiados estar\u00e3o mais uma vez realizando manifesta\u00e7\u00e3o pela estadualiza\u00e7\u00e3o do Hospital de Base Luis Eduardo Magalh\u00e3es (HBLEM) nesta quinta-feira, dia 14 de julho, \u00e0s 10 horas na Pra\u00e7a Adami. Durante a manifesta\u00e7\u00e3o, os militantes da CTB estar\u00e3o distribuindo adesivos (foto) [&hellip;]<\/p>\n","protected":false},"author":2,"featured_media":0,"comment_status":"open","ping_status":"open","sticky":false,"template":"","format":"standard","meta":{"footnotes":"","_links_to":"","_links_to_target":""},"categories":[1],"tags":[],"class_list":["post-25570","post","type-post","status-publish","format-standard","hentry","category-geral"],"views":2512,"_links":{"self":[{"href":"https:\/\/www.politicosdosuldabahia.com.br\/v1\/wp-json\/wp\/v2\/posts\/25570"}],"collection":[{"href":"https:\/\/www.politicosdosuldabahia.com.br\/v1\/wp-json\/wp\/v2\/posts"}],"about":[{"href":"https:\/\/www.politicosdosuldabahia.com.br\/v1\/wp-json\/wp\/v2\/types\/post"}],"author":[{"embeddable":true,"href":"https:\/\/www.politicosdosuldabahia.com.br\/v1\/wp-json\/wp\/v2\/users\/2"}],"replies":[{"embeddable":true,"href":"https:\/\/www.politicosdosuldabahia.com.br\/v1\/wp-json\/wp\/v2\/comments?post=25570"}],"version-history":[{"count":3,"href":"https:\/\/www.politicosdosuldabahia.com.br\/v1\/wp-json\/wp\/v2\/posts\/25570\/revisions"}],"predecessor-version":[{"id":25574,"href":"https:\/\/www.politicosdosuldabahia.com.br\/v1\/wp-json\/wp\/v2\/posts\/25570\/revisions\/25574"}],"wp:attachment":[{"href":"https:\/\/www.politicosdosuldabahia.com.br\/v1\/wp-json\/wp\/v2\/media?parent=25570"}],"wp:term":[{"taxonomy":"category","embeddable":true,"href":"https:\/\/www.politicosdosuldabahia.com.br\/v1\/wp-json\/wp\/v2\/categories?post=25570"},{"taxonomy":"post_tag","embeddable":true,"href":"https:\/\/www.politicosdosuldabahia.com.br\/v1\/wp-json\/wp\/v2\/tags?post=25570"}],"curies":[{"name":"wp","href":"https:\/\/api.w.org\/{rel}","templated":true}]}}